{"id":21559,"date":"2023-03-08T15:15:28","date_gmt":"2023-03-08T15:15:28","guid":{"rendered":"https:\/\/elinformante.mx\/?p=21559"},"modified":"2023-03-08T15:15:29","modified_gmt":"2023-03-08T15:15:29","slug":"amurallan-palacio-nacional-en-vispera-de-la-marcha-del-8m","status":"publish","type":"post","link":"https:\/\/elinformante.mx\/?p=21559","title":{"rendered":"Amurallan Palacio Nacional en v\u00edspera de la Marcha del 8M"},"content":{"rendered":"\n<blockquote class=\"wp-block-quote is-layout-flow wp-block-quote-is-layout-flow\">\n<p>Se colocaron docenas de vallas met\u00e1licas de tres metros de alto para proteger el recinto hist\u00f3rico ante las manifestaciones que se llevar\u00e1n a cabo ma\u00f1ana por el D\u00eda Internacional de la Mujer.<\/p>\n<\/blockquote>\n\n\n\n<p>Este martes, tr\u00e1ilers con docenas de vallas met\u00e1licas de tres metros de alto llegaron a Palacio Nacional para protegerlo ante las manifestaciones que se llevar\u00e1n a cabo ma\u00f1ana mi\u00e9rcoles 8 de marzo, D\u00eda Internacional de la Mujer.<br><\/p>\n\n\n\n<p>Alrededor de las 06:00 horas, un par de tr\u00e1ilers se estacionaron frente al recinto hist\u00f3rico, acompa\u00f1ado por una docena de trabajadores que se alistan a descargar las vallas met\u00e1licas.<br><\/p>\n\n\n\n<p>Colocar vallas met\u00e1licas de m\u00e1s de dos metros en el gobierno del presidente Andr\u00e9s Manuel L\u00f3pez Obrador ha sido una constante para proteger Palacio Nacional desde 2021 ante marchas y protestas, principalmente de grupos feministas.<br><\/p>\n\n\n\n<p>En enero pasado, la Oficina de Presidencia de la Rep\u00fablica desembols\u00f3 casi 2 millones de pesos en proteger con vallas met\u00e1licas Palacio Nacional -residencia del presidente L\u00f3pez Obrador y sede del Poder Ejecutivo &#8211; de marchas y manifestaciones desde 2021.<br><\/p>\n\n\n\n<p>En respuesta a una solicitud de informaci\u00f3n hecha por el Gran Diario de M\u00e9xico, la dependencia federal detall\u00f3 que para proteger el recinto hist\u00f3rico el pasado 26 de septiembre, fecha en que se realiz\u00f3 la marcha por los ocho a\u00f1os de la desaparici\u00f3n de los 43 normalistas de Ayotzinapa, se destinaron 265 mil 468.32 pesos en la contrataci\u00f3n de vallas de metal llamadas \u201cantimot\u00edn\u201d.<br><\/p>\n\n\n\n<p>La Direcci\u00f3n General de Finanzas y Presupuesto de Presidencia detall\u00f3 en la solicitud con folio 331000122001439 que cada una de las vallas contratadas med\u00edan tres metros de altura y ten\u00edan una base de 1.22 metro de extensi\u00f3n.<\/p>\n","protected":false},"excerpt":{"rendered":"<p>Se colocaron docenas de vallas met\u00e1licas de tres metros de alto para proteger el recinto hist\u00f3rico ante las manifestaciones que se llevar\u00e1n a cabo ma\u00f1ana por el D\u00eda Internacional de la Mujer. Este martes, tr\u00e1ilers con docenas de vallas met\u00e1licas de tres metros de alto llegaron a Palacio Nacional para protegerlo ante las manifestaciones que [&hellip;]<\/p>\n","protected":false},"author":1,"featured_media":21560,"comment_status":"closed","ping_status":"closed","sticky":false,"template":"","format":"standard","meta":{"footnotes":""},"categories":[34],"tags":[],"class_list":["post-21559","post","type-post","status-publish","format-standard","has-post-thumbnail","hentry","category-nacional"],"_links":{"self":[{"href":"https:\/\/elinformante.mx\/index.php?rest_route=\/wp\/v2\/posts\/21559","targetHints":{"allow":["GET"]}}],"collection":[{"href":"https:\/\/elinformante.mx\/index.php?rest_route=\/wp\/v2\/posts"}],"about":[{"href":"https:\/\/elinformante.mx\/index.php?rest_route=\/wp\/v2\/types\/post"}],"author":[{"embeddable":true,"href":"https:\/\/elinformante.mx\/index.php?rest_route=\/wp\/v2\/users\/1"}],"replies":[{"embeddable":true,"href":"https:\/\/elinformante.mx\/index.php?rest_route=%2Fwp%2Fv2%2Fcomments&post=21559"}],"version-history":[{"count":0,"href":"https:\/\/elinformante.mx\/index.php?rest_route=\/wp\/v2\/posts\/21559\/revisions"}],"wp:featuredmedia":[{"embeddable":true,"href":"https:\/\/elinformante.mx\/index.php?rest_route=\/wp\/v2\/media\/21560"}],"wp:attachment":[{"href":"https:\/\/elinformante.mx\/index.php?rest_route=%2Fwp%2Fv2%2Fmedia&parent=21559"}],"wp:term":[{"taxonomy":"category","embeddable":true,"href":"https:\/\/elinformante.mx\/index.php?rest_route=%2Fwp%2Fv2%2Fcategories&post=21559"},{"taxonomy":"post_tag","embeddable":true,"href":"https:\/\/elinformante.mx\/index.php?rest_route=%2Fwp%2Fv2%2Ftags&post=21559"}],"curies":[{"name":"wp","href":"https:\/\/api.w.org\/{rel}","templated":true}]}}