{"id":21562,"date":"2023-03-08T15:16:18","date_gmt":"2023-03-08T15:16:18","guid":{"rendered":"https:\/\/elinformante.mx\/?p=21562"},"modified":"2023-03-08T15:16:19","modified_gmt":"2023-03-08T15:16:19","slug":"amlo-responde-a-legislador-de-eua-ya-basta-de-hipocresias","status":"publish","type":"post","link":"https:\/\/elinformante.mx\/?p=21562","title":{"rendered":"AMLO responde a legislador de EUA: \u201cYa basta de hipocres\u00edas\u201d"},"content":{"rendered":"\n<blockquote class=\"wp-block-quote is-layout-flow wp-block-quote-is-layout-flow\">\n<p>Dan Crenshaw cuestion\u00f3 recientemente a AMLO sobre a qui\u00e9n representa, si al narco o al pueblo.<\/p>\n<\/blockquote>\n\n\n\n<p>Contin\u00faa el conflicto entre el presidente de M\u00e9xico, Andr\u00e9s Manuel L\u00f3pez Obrador, y el legislador republicano de Estados Unidos, Dan Crenshaw, quien propuso en una iniciativa la intervenci\u00f3n de las fuerzas norteamericanas para combatir a los c\u00e1rteles de drogas. Este martes, el mandatario mexicano critic\u00f3 que el legislador no haya hecho nada para atender las causas de la crisis de fentanilo en su pa\u00eds y le respondi\u00f3 \u201cya basta de hipocresias\u201d.<br><\/p>\n\n\n\n<p>Luego de Crenshaw se\u00f1al\u00f3 que si en dicha crisis los muertos los pusiera M\u00e9xico AMLO no dir\u00eda lo mismo, el presidente respondi\u00f3 cuestionando qu\u00e9 hab\u00eda hecho \u00e9l por atender el consumo y distribuci\u00f3n de la droga:<br><\/p>\n\n\n\n<p>\u201cClaro que a m\u00ed me duele mucho que la gente pierda la vida\u2026 pero \u00e9l deber\u00eda estar atendiendo las causas que provocan el consumo excesivo de drogas y en especial de fentanilo, \u00bfpero \u00e9l qu\u00e9 hace?, \u00bfha denunciado este se\u00f1or a los que distribuyen el fentanilo?\u2026 \u00bfQu\u00e9 ha hecho para evitar que se vendan armas de alto poder en los supermercados de EUA?, porque el 80% de las armas de alto poder que utiliza la delincuencia en M\u00e9xico las adquieren en EUA y no hay ning\u00fan control\u201d<br><\/p>\n\n\n\n<figure class=\"wp-block-image size-large\"><img fetchpriority=\"high\" decoding=\"async\" width=\"1024\" height=\"503\" src=\"https:\/\/elinformante.mx\/wp-content\/uploads\/2023\/03\/AMLO-2-1024x503.jpg\" alt=\"\" class=\"wp-image-21564\" srcset=\"https:\/\/elinformante.mx\/wp-content\/uploads\/2023\/03\/AMLO-2-1024x503.jpg 1024w, https:\/\/elinformante.mx\/wp-content\/uploads\/2023\/03\/AMLO-2-300x147.jpg 300w, https:\/\/elinformante.mx\/wp-content\/uploads\/2023\/03\/AMLO-2-768x377.jpg 768w, https:\/\/elinformante.mx\/wp-content\/uploads\/2023\/03\/AMLO-2-580x285.jpg 580w, https:\/\/elinformante.mx\/wp-content\/uploads\/2023\/03\/AMLO-2-860x422.jpg 860w, https:\/\/elinformante.mx\/wp-content\/uploads\/2023\/03\/AMLO-2.jpg 1140w\" sizes=\"(max-width: 1024px) 100vw, 1024px\" \/><\/figure>\n\n\n\n<p>\u201cYa basta de hipocres\u00edas y de estar viendo nada m\u00e1s la paja en el ojo ajeno y no la viga en el propio\u201d, se\u00f1al\u00f3 AMLO en su conferencia matutina desde Palacio Nacional.<br><\/p>\n\n\n\n<p>En este sentido, declar\u00f3 que el combate a los grupos del narcotr\u00e1fico mexicano \u201ces un asunto nuestro\u201d, adem\u00e1s de que incluso el presidente Joe Biden, le ha asegurado que ser\u00e1n respetuosos de la soberan\u00eda, lo que agradeci\u00f3.<br><\/p>\n\n\n\n<p>\u201cM\u00e9xico no es colonia, no es protectorado de ning\u00fan gobierno extranjero. El presidente Biden siempre me dice \u2018el trato entre nosotros se va a dar en un pie de igualdad\u2019 y yo se lo agradezco mucho porque esto nos evita muchos problemas, no vamos a aceptar que nos impongan nada porque nosotros no vamos a imponer nada a EUA\u201d.<br><\/p>\n\n\n\n<p>Asimismo, L\u00f3pez Obrador dijo que estaba trabajando bien en su estrategia de seguridad, no obstante, \u201chay inter\u00e9s partidistas y politiqueros; gente hip\u00f3crita que los utiliza con prop\u00f3sitos pol\u00edticos, trafican con el dolor humano pero sus prop\u00f3sitos son otros\u201d. Conden\u00f3 que haya pol\u00edticos de EUA que manejan la informaci\u00f3n de manera amarillista y alarmista, no as\u00ed como cuando matan a mexicanos en EUA: \u201ccallan como momias\u201d, afirm\u00f3 AMLO.<\/p>\n","protected":false},"excerpt":{"rendered":"<p>Dan Crenshaw cuestion\u00f3 recientemente a AMLO sobre a qui\u00e9n representa, si al narco o al pueblo. Contin\u00faa el conflicto entre el presidente de M\u00e9xico, Andr\u00e9s Manuel L\u00f3pez Obrador, y el legislador republicano de Estados Unidos, Dan Crenshaw, quien propuso en una iniciativa la intervenci\u00f3n de las fuerzas norteamericanas para combatir a los c\u00e1rteles de drogas. [&hellip;]<\/p>\n","protected":false},"author":1,"featured_media":21563,"comment_status":"closed","ping_status":"closed","sticky":false,"template":"","format":"standard","meta":{"footnotes":""},"categories":[34],"tags":[],"class_list":["post-21562","post","type-post","status-publish","format-standard","has-post-thumbnail","hentry","category-nacional"],"_links":{"self":[{"href":"https:\/\/elinformante.mx\/index.php?rest_route=\/wp\/v2\/posts\/21562","targetHints":{"allow":["GET"]}}],"collection":[{"href":"https:\/\/elinformante.mx\/index.php?rest_route=\/wp\/v2\/posts"}],"about":[{"href":"https:\/\/elinformante.mx\/index.php?rest_route=\/wp\/v2\/types\/post"}],"author":[{"embeddable":true,"href":"https:\/\/elinformante.mx\/index.php?rest_route=\/wp\/v2\/users\/1"}],"replies":[{"embeddable":true,"href":"https:\/\/elinformante.mx\/index.php?rest_route=%2Fwp%2Fv2%2Fcomments&post=21562"}],"version-history":[{"count":0,"href":"https:\/\/elinformante.mx\/index.php?rest_route=\/wp\/v2\/posts\/21562\/revisions"}],"wp:featuredmedia":[{"embeddable":true,"href":"https:\/\/elinformante.mx\/index.php?rest_route=\/wp\/v2\/media\/21563"}],"wp:attachment":[{"href":"https:\/\/elinformante.mx\/index.php?rest_route=%2Fwp%2Fv2%2Fmedia&parent=21562"}],"wp:term":[{"taxonomy":"category","embeddable":true,"href":"https:\/\/elinformante.mx\/index.php?rest_route=%2Fwp%2Fv2%2Fcategories&post=21562"},{"taxonomy":"post_tag","embeddable":true,"href":"https:\/\/elinformante.mx\/index.php?rest_route=%2Fwp%2Fv2%2Ftags&post=21562"}],"curies":[{"name":"wp","href":"https:\/\/api.w.org\/{rel}","templated":true}]}}