{"id":21566,"date":"2023-03-08T15:17:01","date_gmt":"2023-03-08T15:17:01","guid":{"rendered":"https:\/\/elinformante.mx\/?p=21566"},"modified":"2023-03-08T15:17:02","modified_gmt":"2023-03-08T15:17:02","slug":"rompimientos-politicos","status":"publish","type":"post","link":"https:\/\/elinformante.mx\/?p=21566","title":{"rendered":"ROMPIMIENTOS POL\u00cdTICOS"},"content":{"rendered":"\n<blockquote class=\"wp-block-quote is-layout-flow wp-block-quote-is-layout-flow\">\n<p>Por Helga Kauffman<\/p>\n<\/blockquote>\n\n\n\n<p>Algo se rompi\u00f3 en la negociaci\u00f3n o pl\u00e1ticas que hab\u00eda entre las dirigencias del Movimiento Ciudadano y Va por M\u00e9xico, pero principalmente con el PRI.<br><\/p>\n\n\n\n<p>Aparentemente, hab\u00eda un acuerdo para que el MC apoyara a la candidata tricolor, Alejandra del Moral, pero eso ya no suceder\u00e1, como decidi\u00f3 la c\u00fapula encabezada por Dante Delgado.<br><\/p>\n\n\n\n<p>Pero, la pregunta obligada es, \u00bfa qui\u00e9n beneficia que el MC no compita en las elecciones para gobernador de Coahuila y el Estado de M\u00e9xico?<br><\/p>\n\n\n\n<p>El MC no pinta en Coahuila, definitivamente, y sus posibilidades de ganar eran igual a cero.<br><\/p>\n\n\n\n<p>En el Estado de M\u00e9xico, se estima que, con Juan Zepeda, el MC valdr\u00eda entre 8 y 10 puntos porcentuales de la votaci\u00f3n, sin duda una cantidad nada despreciable, pero de ninguna manera suficiente para significar competencia entre Va por M\u00e9xico y Morena y asociados.<br><\/p>\n\n\n\n<p>Visto fr\u00edamente, el que MC no compita evita que la votaci\u00f3n a favor de la oposici\u00f3n se fraccione.<br><\/p>\n\n\n\n<p>Es decir, la beneficiaria ser\u00eda la coalici\u00f3n PAN-PRI-PRD, porque hist\u00f3ricamente los votos de los emecistas, sin candidatos, son cachados por el PAN.<br><\/p>\n\n\n\n<p>Dice Zepeda que no quisieron participar porque la competencia est\u00e1 arreglada entre Morena y la oposici\u00f3n: Coahuila para el PRI y el Estado de M\u00e9xico para Morena.<br><\/p>\n\n\n\n<p>Adem\u00e1s, en el video que grab\u00f3 para justificar su decisi\u00f3n, Zepeda asegura que el MC no quiso ser el pretexto que justificara los resultados electorales para ambas partes, que no quisieron ser la bisagra y que se enfocar\u00e1n en ganar la elecci\u00f3n presidencial del 2024.<br><\/p>\n\n\n\n<p>Se vale so\u00f1ar, porque si la caballada de Va por M\u00e9xico est\u00e1 flaca, la del MC est\u00e1 fam\u00e9lica.<br><\/p>\n\n\n\n<p>Hace poco un columnista de prestigio lanz\u00f3 la pregunta sobre si Dante Delgado era un estratega pol\u00edtico o un vendedor de humo.<br><\/p>\n\n\n\n<p>No falta mucho para conocer la respuesta.<br><\/p>\n\n\n\n<p>Por lo pronto, la base del MC se convirti\u00f3 en un apetitoso bot\u00edn pol\u00edtico para los que s\u00ed van a competir.<\/p>\n","protected":false},"excerpt":{"rendered":"<p>Por Helga Kauffman Algo se rompi\u00f3 en la negociaci\u00f3n o pl\u00e1ticas que hab\u00eda entre las dirigencias del Movimiento Ciudadano y Va por M\u00e9xico, pero principalmente con el PRI. Aparentemente, hab\u00eda un acuerdo para que el MC apoyara a la candidata tricolor, Alejandra del Moral, pero eso ya no suceder\u00e1, como decidi\u00f3 la c\u00fapula encabezada por [&hellip;]<\/p>\n","protected":false},"author":1,"featured_media":21567,"comment_status":"closed","ping_status":"closed","sticky":false,"template":"","format":"standard","meta":{"footnotes":""},"categories":[32],"tags":[],"class_list":["post-21566","post","type-post","status-publish","format-standard","has-post-thumbnail","hentry","category-editorial"],"_links":{"self":[{"href":"https:\/\/elinformante.mx\/index.php?rest_route=\/wp\/v2\/posts\/21566","targetHints":{"allow":["GET"]}}],"collection":[{"href":"https:\/\/elinformante.mx\/index.php?rest_route=\/wp\/v2\/posts"}],"about":[{"href":"https:\/\/elinformante.mx\/index.php?rest_route=\/wp\/v2\/types\/post"}],"author":[{"embeddable":true,"href":"https:\/\/elinformante.mx\/index.php?rest_route=\/wp\/v2\/users\/1"}],"replies":[{"embeddable":true,"href":"https:\/\/elinformante.mx\/index.php?rest_route=%2Fwp%2Fv2%2Fcomments&post=21566"}],"version-history":[{"count":0,"href":"https:\/\/elinformante.mx\/index.php?rest_route=\/wp\/v2\/posts\/21566\/revisions"}],"wp:featuredmedia":[{"embeddable":true,"href":"https:\/\/elinformante.mx\/index.php?rest_route=\/wp\/v2\/media\/21567"}],"wp:attachment":[{"href":"https:\/\/elinformante.mx\/index.php?rest_route=%2Fwp%2Fv2%2Fmedia&parent=21566"}],"wp:term":[{"taxonomy":"category","embeddable":true,"href":"https:\/\/elinformante.mx\/index.php?rest_route=%2Fwp%2Fv2%2Fcategories&post=21566"},{"taxonomy":"post_tag","embeddable":true,"href":"https:\/\/elinformante.mx\/index.php?rest_route=%2Fwp%2Fv2%2Ftags&post=21566"}],"curies":[{"name":"wp","href":"https:\/\/api.w.org\/{rel}","templated":true}]}}