{"id":21587,"date":"2023-03-08T23:38:09","date_gmt":"2023-03-08T23:38:09","guid":{"rendered":"https:\/\/elinformante.mx\/?p=21587"},"modified":"2023-03-08T23:38:10","modified_gmt":"2023-03-08T23:38:10","slug":"inauguracion-de-ciudad-mujeres-en-la-paz-reafirma-el-compromiso-del-gobernador-alfredo-del-mazo-por-la-proteccion-de-los-derechos-de-las-mexiquenses","status":"publish","type":"post","link":"https:\/\/elinformante.mx\/?p=21587","title":{"rendered":"Inauguraci\u00f3n de Ciudad Mujeres en La Paz, reafirma el compromiso del Gobernador Alfredo del Mazo, por la protecci\u00f3n de los derechos de las mexiquenses."},"content":{"rendered":"\n<p>El Gobernador del Edomex, Alfredo Del Mazo Maza inaugur\u00f3 hoy la Ciudad Mujeres del municipio de La Paz, espacio destinado a brindar atenci\u00f3n integral y especializada con perspectiva de g\u00e9nero y de derechos humanos a ni\u00f1as, adolescentes y mujeres mexiquenses, para garantizar sus derechos sociales, econ\u00f3micos, civiles, sexuales y reproductivos.<br><br>Gracias a la inversi\u00f3n de casi 150 millones de pesos, ahora mujeres de La Paz, Chicoloapan, Chimalhuac\u00e1n, Ixtapaluca, Nezahualc\u00f3yotl y Valle de Chalco, se ver\u00e1n beneficiadas, adem\u00e1s el Gobernador tambi\u00e9n inform\u00f3 que a dicho proyecto se sumar\u00e1n otros dos centros en San Mateo Atenco y Amecameca, marcando el inicio de una nueva etapa en la protecci\u00f3n de los derechos de las mexiquenses.<br><br>&#8220;En los cinco \u00faltimos a\u00f1os la igualdad por los derechos y las oportunidades de las mujeres ha tenido avances, aline\u00e1ndose con la Agenda 2030, la pol\u00edtica estatal ha ido incorporando programas dirigidos a impulsar el desarrollo de las mujeres, mejorando su acceso a la educaci\u00f3n, salud, empleo y fortaleciendo la protecci\u00f3n y el ejercicio de sus derechos&#8221;, indic\u00f3 Del Mazo.<br><br>Cabe se\u00f1alar que a este proyecto se han unido las Secretar\u00edas de las Mujeres, Justicia y Derechos Humanos, Salud, Seguridad, Trabajo, Educaci\u00f3n, Desarrollo Econ\u00f3mico, Cultura y Turismo, Desarrollo Social, adem\u00e1s del Sistema para el Desarrollo Integral de la Familia del Estado de M\u00e9xico, la Fiscal\u00eda General de Justicia del Estado, la Comisi\u00f3n de Derechos Humanos mexiquense y el Poder Judicial del Estado de M\u00e9xico.<br><br><\/p>\n\n\n\n<figure class=\"wp-block-image size-large\"><img fetchpriority=\"high\" decoding=\"async\" width=\"1024\" height=\"576\" src=\"https:\/\/elinformante.mx\/wp-content\/uploads\/2023\/03\/PORTADA-9-1024x576.png\" alt=\"\" class=\"wp-image-21589\" srcset=\"https:\/\/elinformante.mx\/wp-content\/uploads\/2023\/03\/PORTADA-9-1024x576.png 1024w, https:\/\/elinformante.mx\/wp-content\/uploads\/2023\/03\/PORTADA-9-300x169.png 300w, https:\/\/elinformante.mx\/wp-content\/uploads\/2023\/03\/PORTADA-9-768x432.png 768w, https:\/\/elinformante.mx\/wp-content\/uploads\/2023\/03\/PORTADA-9-1536x864.png 1536w, https:\/\/elinformante.mx\/wp-content\/uploads\/2023\/03\/PORTADA-9-580x326.png 580w, https:\/\/elinformante.mx\/wp-content\/uploads\/2023\/03\/PORTADA-9-860x484.png 860w, https:\/\/elinformante.mx\/wp-content\/uploads\/2023\/03\/PORTADA-9-1160x653.png 1160w, https:\/\/elinformante.mx\/wp-content\/uploads\/2023\/03\/PORTADA-9.png 1920w\" sizes=\"(max-width: 1024px) 100vw, 1024px\" \/><\/figure>\n\n\n\n<figure class=\"wp-block-image size-large\"><img decoding=\"async\" width=\"1024\" height=\"576\" src=\"https:\/\/elinformante.mx\/wp-content\/uploads\/2023\/03\/PORTADA-8-1024x576.png\" alt=\"\" class=\"wp-image-21590\" srcset=\"https:\/\/elinformante.mx\/wp-content\/uploads\/2023\/03\/PORTADA-8-1024x576.png 1024w, https:\/\/elinformante.mx\/wp-content\/uploads\/2023\/03\/PORTADA-8-300x169.png 300w, https:\/\/elinformante.mx\/wp-content\/uploads\/2023\/03\/PORTADA-8-768x432.png 768w, https:\/\/elinformante.mx\/wp-content\/uploads\/2023\/03\/PORTADA-8-1536x864.png 1536w, https:\/\/elinformante.mx\/wp-content\/uploads\/2023\/03\/PORTADA-8-580x326.png 580w, https:\/\/elinformante.mx\/wp-content\/uploads\/2023\/03\/PORTADA-8-860x484.png 860w, https:\/\/elinformante.mx\/wp-content\/uploads\/2023\/03\/PORTADA-8-1160x653.png 1160w, https:\/\/elinformante.mx\/wp-content\/uploads\/2023\/03\/PORTADA-8.png 1920w\" sizes=\"(max-width: 1024px) 100vw, 1024px\" \/><\/figure>\n\n\n\n<figure class=\"wp-block-image size-large\"><img decoding=\"async\" width=\"1024\" height=\"576\" src=\"https:\/\/elinformante.mx\/wp-content\/uploads\/2023\/03\/PORTADA-11-1024x576.png\" alt=\"\" class=\"wp-image-21591\" srcset=\"https:\/\/elinformante.mx\/wp-content\/uploads\/2023\/03\/PORTADA-11-1024x576.png 1024w, https:\/\/elinformante.mx\/wp-content\/uploads\/2023\/03\/PORTADA-11-300x169.png 300w, https:\/\/elinformante.mx\/wp-content\/uploads\/2023\/03\/PORTADA-11-768x432.png 768w, https:\/\/elinformante.mx\/wp-content\/uploads\/2023\/03\/PORTADA-11-1536x864.png 1536w, https:\/\/elinformante.mx\/wp-content\/uploads\/2023\/03\/PORTADA-11-580x326.png 580w, https:\/\/elinformante.mx\/wp-content\/uploads\/2023\/03\/PORTADA-11-860x484.png 860w, https:\/\/elinformante.mx\/wp-content\/uploads\/2023\/03\/PORTADA-11-1160x653.png 1160w, https:\/\/elinformante.mx\/wp-content\/uploads\/2023\/03\/PORTADA-11.png 1920w\" sizes=\"(max-width: 1024px) 100vw, 1024px\" \/><\/figure>\n\n\n","protected":false},"excerpt":{"rendered":"<p>El Gobernador del Edomex, Alfredo Del Mazo Maza inaugur\u00f3 hoy la Ciudad Mujeres del municipio de La Paz, espacio destinado a brindar atenci\u00f3n integral y especializada con perspectiva de g\u00e9nero y de derechos humanos a ni\u00f1as, adolescentes y mujeres mexiquenses, para garantizar sus derechos sociales, econ\u00f3micos, civiles, sexuales y reproductivos. Gracias a la inversi\u00f3n de [&hellip;]<\/p>\n","protected":false},"author":2,"featured_media":21588,"comment_status":"closed","ping_status":"closed","sticky":false,"template":"","format":"standard","meta":{"footnotes":""},"categories":[36],"tags":[],"class_list":["post-21587","post","type-post","status-publish","format-standard","has-post-thumbnail","hentry","category-edomex"],"_links":{"self":[{"href":"https:\/\/elinformante.mx\/index.php?rest_route=\/wp\/v2\/posts\/21587","targetHints":{"allow":["GET"]}}],"collection":[{"href":"https:\/\/elinformante.mx\/index.php?rest_route=\/wp\/v2\/posts"}],"about":[{"href":"https:\/\/elinformante.mx\/index.php?rest_route=\/wp\/v2\/types\/post"}],"author":[{"embeddable":true,"href":"https:\/\/elinformante.mx\/index.php?rest_route=\/wp\/v2\/users\/2"}],"replies":[{"embeddable":true,"href":"https:\/\/elinformante.mx\/index.php?rest_route=%2Fwp%2Fv2%2Fcomments&post=21587"}],"version-history":[{"count":0,"href":"https:\/\/elinformante.mx\/index.php?rest_route=\/wp\/v2\/posts\/21587\/revisions"}],"wp:featuredmedia":[{"embeddable":true,"href":"https:\/\/elinformante.mx\/index.php?rest_route=\/wp\/v2\/media\/21588"}],"wp:attachment":[{"href":"https:\/\/elinformante.mx\/index.php?rest_route=%2Fwp%2Fv2%2Fmedia&parent=21587"}],"wp:term":[{"taxonomy":"category","embeddable":true,"href":"https:\/\/elinformante.mx\/index.php?rest_route=%2Fwp%2Fv2%2Fcategories&post=21587"},{"taxonomy":"post_tag","embeddable":true,"href":"https:\/\/elinformante.mx\/index.php?rest_route=%2Fwp%2Fv2%2Ftags&post=21587"}],"curies":[{"name":"wp","href":"https:\/\/api.w.org\/{rel}","templated":true}]}}