{"id":22068,"date":"2023-03-15T13:58:01","date_gmt":"2023-03-15T13:58:01","guid":{"rendered":"https:\/\/elinformante.mx\/?p=22068"},"modified":"2023-03-15T13:58:44","modified_gmt":"2023-03-15T13:58:44","slug":"danza-de-los-arrieros-patrimonio-cultural-declara-congreso-mexiquense","status":"publish","type":"post","link":"https:\/\/elinformante.mx\/?p=22068","title":{"rendered":"Danza de los arrieros patrimonio cultural, declara Congreso Mexiquense"},"content":{"rendered":"\n<blockquote class=\"wp-block-quote is-layout-flow wp-block-quote-is-layout-flow\">\n<p>La tradici\u00f3n tiene su origen en los arrieros que durante m\u00e1s de 200 a\u00f1os sirvieron a la Real Casa de Moneda.<\/p>\n<\/blockquote>\n\n\n\n<p>A propuesta del diputado Braulio \u00c1lvarez Jasso (PRI), el Congreso del Estado de M\u00e9xico declar\u00f3 por unanimidad, a la tradici\u00f3n hist\u00f3rica, cultural y artesanal denominada \u2018Danza de Arrieros\u2019, como Patrimonio Cultural Inmaterial del Estado de M\u00e9xico, por lo que ser\u00e1 de orden p\u00fablico e inter\u00e9s social, su respeto, fomento, conservaci\u00f3n, promoci\u00f3n, y salvaguarda.<br><\/p>\n\n\n\n<p>En sesi\u00f3n deliberante, ante representantes de la Danza de Arrieros de Ocoyoacac y otros municipios, as\u00ed como de Diana P\u00e9rez Barrag\u00e1n, vocal ejecutiva de Consejo Estatal para el Desarrollo Integral de los Pueblos Ind\u00edgenas, el legislador Braulio \u00c1lvarez destac\u00f3 que la danza es una expresi\u00f3n cultural que se remonta a la \u00e9poca colonial cuyo origen se desprende de San Pedro y San Pablo Atlapulco, comunidad del municipio de Ocoyoacac, y que se ha extendido por diversos municipios y comunidades de la entidad y de la Ciudad de M\u00e9xico.<br><\/p>\n\n\n\n<p>De acuerdo con el dictamen, la Danza de Arrieros es considerada una de las m\u00e1s emblem\u00e1ticas de la entidad y este a\u00f1o su conmemoraci\u00f3n es muy significativa pues se celebr\u00f3 el Bicentenario de su origen y fundaci\u00f3n, hecho que agrup\u00f3 a danzantes arrieros de diversas comunidades de Ocoyoacac, Lerma y de San Bartolo Ameyalco, de la Alcald\u00eda \u00c1lvaro Obreg\u00f3n; quienes reconocen y adoptan esta tradici\u00f3n que ha sido heredada de generaci\u00f3n en generaci\u00f3n.<br><\/p>\n\n\n\n<p>Con su incorporaci\u00f3n al patrimonio cultural inmaterial de la entidad, el Ejecutivo estatal, por conducto de la Secretar\u00eda de Cultura y Turismo, deber\u00e1 adoptar las medidas que garanticen su viabilidad, que incluya filiaci\u00f3n, archivo, investigaci\u00f3n, protecci\u00f3n, impulso, conservaci\u00f3n y transmisi\u00f3n de este patrimonio en sus distintos aspectos; y, en coordinaci\u00f3n con las organizaciones de la sociedad civil promover\u00e1 lo necesario para promocionarlo y preservarlo.<br><\/p>\n\n\n\n<p>De acuerdo con el dictamen, la danza est\u00e1 vinculada con los arrieros, viajeros quienes durante m\u00e1s de 200 a\u00f1os se mantuvieron al servicio de la Real Casa de Moneda, y en animales de carga trasladaban mercanc\u00edas y productos a diferentes regiones del estado, la Ciudad de M\u00e9xico, Morelos y Guerrero.<br><\/p>\n\n\n\n<p>Posteriormente, dicha actividad se transform\u00f3 en una forma de ganarse la vida, transportando mercanc\u00edas a distintos lugares, hecho que se relaciona de forma directa con la Danza de Arrieros y el agradecimiento a Dios por las jornadas de trabajo, cumpliendo con las formas y la indumentaria espec\u00edfica para su realizaci\u00f3n.<\/p>\n","protected":false},"excerpt":{"rendered":"<p>La tradici\u00f3n tiene su origen en los arrieros que durante m\u00e1s de 200 a\u00f1os sirvieron a la Real Casa de Moneda. A propuesta del diputado Braulio \u00c1lvarez Jasso (PRI), el Congreso del Estado de M\u00e9xico declar\u00f3 por unanimidad, a la tradici\u00f3n hist\u00f3rica, cultural y artesanal denominada \u2018Danza de Arrieros\u2019, como Patrimonio Cultural Inmaterial del Estado [&hellip;]<\/p>\n","protected":false},"author":1,"featured_media":22069,"comment_status":"closed","ping_status":"closed","sticky":false,"template":"","format":"standard","meta":{"footnotes":""},"categories":[30,31],"tags":[],"class_list":["post-22068","post","type-post","status-publish","format-standard","has-post-thumbnail","hentry","category-destacado","category-portada"],"_links":{"self":[{"href":"https:\/\/elinformante.mx\/index.php?rest_route=\/wp\/v2\/posts\/22068","targetHints":{"allow":["GET"]}}],"collection":[{"href":"https:\/\/elinformante.mx\/index.php?rest_route=\/wp\/v2\/posts"}],"about":[{"href":"https:\/\/elinformante.mx\/index.php?rest_route=\/wp\/v2\/types\/post"}],"author":[{"embeddable":true,"href":"https:\/\/elinformante.mx\/index.php?rest_route=\/wp\/v2\/users\/1"}],"replies":[{"embeddable":true,"href":"https:\/\/elinformante.mx\/index.php?rest_route=%2Fwp%2Fv2%2Fcomments&post=22068"}],"version-history":[{"count":0,"href":"https:\/\/elinformante.mx\/index.php?rest_route=\/wp\/v2\/posts\/22068\/revisions"}],"wp:featuredmedia":[{"embeddable":true,"href":"https:\/\/elinformante.mx\/index.php?rest_route=\/wp\/v2\/media\/22069"}],"wp:attachment":[{"href":"https:\/\/elinformante.mx\/index.php?rest_route=%2Fwp%2Fv2%2Fmedia&parent=22068"}],"wp:term":[{"taxonomy":"category","embeddable":true,"href":"https:\/\/elinformante.mx\/index.php?rest_route=%2Fwp%2Fv2%2Fcategories&post=22068"},{"taxonomy":"post_tag","embeddable":true,"href":"https:\/\/elinformante.mx\/index.php?rest_route=%2Fwp%2Fv2%2Ftags&post=22068"}],"curies":[{"name":"wp","href":"https:\/\/api.w.org\/{rel}","templated":true}]}}