{"id":22094,"date":"2023-03-15T14:37:19","date_gmt":"2023-03-15T14:37:19","guid":{"rendered":"https:\/\/elinformante.mx\/?p=22094"},"modified":"2023-03-15T14:37:20","modified_gmt":"2023-03-15T14:37:20","slug":"expo-venta-agropecuaria-y-artesanal-2023-en-zinacantepec-se-realiza-con-gran-exito","status":"publish","type":"post","link":"https:\/\/elinformante.mx\/?p=22094","title":{"rendered":"Expo venta agropecuaria y artesanal 2023 en Zinacantepec se realiza con gran \u00e9xito"},"content":{"rendered":"\n<blockquote class=\"wp-block-quote is-layout-flow wp-block-quote-is-layout-flow\">\n<p>El presidente municipal, Manuel Vilchis Viveros, fue el encargado de encabezar la inauguraci\u00f3n de la Expo.<\/p>\n<\/blockquote>\n\n\n\n<p>En esta ocasi\u00f3n se llev\u00f3 a cabo con gran \u00e9xito la Expo Venta Agropecuaria y Artesanal 2023 en el municipio de Zinacantepec.<br><\/p>\n\n\n\n<p>El presidente municipal, Manuel Vilchis Viveros, fue el encargado de encabezar la inauguraci\u00f3n de la Expo en d\u00f3nde convivio y refrend\u00f3 su apoyo a los agropecuarios y artesanos que se dieron cita en este importante evento.<br><\/p>\n\n\n\n<p>Afirm\u00f3 que detr\u00e1s de cada artesan\u00eda o alimento que se produce en el municipio, est\u00e1n las manos talentosas y las mentes creativas de cada uno de los artesanos y agricultores.<br><\/p>\n\n\n\n<figure class=\"wp-block-image size-large\"><img fetchpriority=\"high\" decoding=\"async\" width=\"1024\" height=\"503\" src=\"https:\/\/elinformante.mx\/wp-content\/uploads\/2023\/03\/expo-2-1024x503.jpg\" alt=\"\" class=\"wp-image-22096\" srcset=\"https:\/\/elinformante.mx\/wp-content\/uploads\/2023\/03\/expo-2-1024x503.jpg 1024w, https:\/\/elinformante.mx\/wp-content\/uploads\/2023\/03\/expo-2-300x147.jpg 300w, https:\/\/elinformante.mx\/wp-content\/uploads\/2023\/03\/expo-2-768x377.jpg 768w, https:\/\/elinformante.mx\/wp-content\/uploads\/2023\/03\/expo-2-580x285.jpg 580w, https:\/\/elinformante.mx\/wp-content\/uploads\/2023\/03\/expo-2-860x422.jpg 860w, https:\/\/elinformante.mx\/wp-content\/uploads\/2023\/03\/expo-2.jpg 1140w\" sizes=\"(max-width: 1024px) 100vw, 1024px\" \/><\/figure>\n\n\n\n<p>Reafirm\u00f3 que le llena de orgullo ser testigo de que los productos que se estaban exponiendo son de la m\u00e1s alta calidad, demostrando que lo hecho en Zinacantepec, es 100% de calidad.<br><\/p>\n\n\n\n<p>Para Vilchis Viveros la intenci\u00f3n de llevar a cabo este tipo de expo es para ayudar a impulsar la econom\u00eda de los y las productoras zinacantepequenses. En esta ocasi\u00f3n participaron alrededor de 60 artesanos y productores con la venta de pl\u00e1ntulas, pan verduras y art\u00edculos de madera y m\u00e1s.<br><\/p>\n\n\n\n<p>Asimismo al hacer entrega de varios paquetes de apoyo a los pobladores, el alcalde coment\u00f3 de la intensi\u00f3n de llevar a cabo este tipo de eventos, por lo menos dos veces a la semana, para seguir impulsando la econom\u00eda de los pobladores.<\/p>\n","protected":false},"excerpt":{"rendered":"<p>El presidente municipal, Manuel Vilchis Viveros, fue el encargado de encabezar la inauguraci\u00f3n de la Expo. En esta ocasi\u00f3n se llev\u00f3 a cabo con gran \u00e9xito la Expo Venta Agropecuaria y Artesanal 2023 en el municipio de Zinacantepec. El presidente municipal, Manuel Vilchis Viveros, fue el encargado de encabezar la inauguraci\u00f3n de la Expo en [&hellip;]<\/p>\n","protected":false},"author":1,"featured_media":22095,"comment_status":"closed","ping_status":"closed","sticky":false,"template":"","format":"standard","meta":{"footnotes":""},"categories":[30,36],"tags":[],"class_list":["post-22094","post","type-post","status-publish","format-standard","has-post-thumbnail","hentry","category-destacado","category-edomex"],"_links":{"self":[{"href":"https:\/\/elinformante.mx\/index.php?rest_route=\/wp\/v2\/posts\/22094","targetHints":{"allow":["GET"]}}],"collection":[{"href":"https:\/\/elinformante.mx\/index.php?rest_route=\/wp\/v2\/posts"}],"about":[{"href":"https:\/\/elinformante.mx\/index.php?rest_route=\/wp\/v2\/types\/post"}],"author":[{"embeddable":true,"href":"https:\/\/elinformante.mx\/index.php?rest_route=\/wp\/v2\/users\/1"}],"replies":[{"embeddable":true,"href":"https:\/\/elinformante.mx\/index.php?rest_route=%2Fwp%2Fv2%2Fcomments&post=22094"}],"version-history":[{"count":0,"href":"https:\/\/elinformante.mx\/index.php?rest_route=\/wp\/v2\/posts\/22094\/revisions"}],"wp:featuredmedia":[{"embeddable":true,"href":"https:\/\/elinformante.mx\/index.php?rest_route=\/wp\/v2\/media\/22095"}],"wp:attachment":[{"href":"https:\/\/elinformante.mx\/index.php?rest_route=%2Fwp%2Fv2%2Fmedia&parent=22094"}],"wp:term":[{"taxonomy":"category","embeddable":true,"href":"https:\/\/elinformante.mx\/index.php?rest_route=%2Fwp%2Fv2%2Fcategories&post=22094"},{"taxonomy":"post_tag","embeddable":true,"href":"https:\/\/elinformante.mx\/index.php?rest_route=%2Fwp%2Fv2%2Ftags&post=22094"}],"curies":[{"name":"wp","href":"https:\/\/api.w.org\/{rel}","templated":true}]}}