{"id":22098,"date":"2023-03-15T14:39:43","date_gmt":"2023-03-15T14:39:43","guid":{"rendered":"https:\/\/elinformante.mx\/?p=22098"},"modified":"2023-03-15T14:39:44","modified_gmt":"2023-03-15T14:39:44","slug":"sheinbaum-dice-a-adversarios-que-se-tomen-un-te-de-tila-tras-desmentir-tiktok","status":"publish","type":"post","link":"https:\/\/elinformante.mx\/?p=22098","title":{"rendered":"Sheinbaum dice a adversarios que se tomen un \u201ct\u00e9 de Tila\u201d tras desmentir TikTok"},"content":{"rendered":"\n<blockquote class=\"wp-block-quote is-layout-flow wp-block-quote-is-layout-flow\">\n<p>La mandataria capitalina desminti\u00f3 haber declinado a favor de Marcelo Ebrard como se difundi\u00f3 en un video en redes sociales.<\/p>\n<\/blockquote>\n\n\n\n<p>\u201cPuesta para la encuesta\u201d, dijo la jefa de Gobierno, Claudia Sheinbaum, al desmentir un video de TikTok d\u00f3nde se se\u00f1ala que declin\u00f3 para participar por la candidatura presidencial por Marcelo Ebrard, Secretario de Relaciones Exteriores.<br><\/p>\n\n\n\n<p>\u201cPrimero que es falso, ah\u00ed estamos puestas para la encuesta, puesta para la encuesta, y segundo pues que se tomen un t\u00e9 de tila\u201d, asegur\u00f3 tras asistir a la presentaci\u00f3n del anuario estad\u00edstico de la Comisi\u00f3n de Filmaciones.<br><\/p>\n\n\n\n<p>Detall\u00f3 qu\u00e9, la oposici\u00f3n est\u00e1 buscando diversos argumentos para desprestigiarla como que ya no va por la candidatura de Morena para la presidencia de la Rep\u00fablica, y la otra que no tienen buena relaci\u00f3n con los empresarios de M\u00e9xico.<br><\/p>\n\n\n\n<p>\u201cEsta es una buena muestra, tenemos buena relaci\u00f3n con los empresarios y siempre buscamos inversiones honestas que generen empleos, que tengan las mejores condiciones para la ciudad y de manera internacional\u201d.<br><\/p>\n\n\n\n<figure class=\"wp-block-image size-large\"><img fetchpriority=\"high\" decoding=\"async\" width=\"1024\" height=\"503\" src=\"https:\/\/elinformante.mx\/wp-content\/uploads\/2023\/03\/sheinbaum-2-2-1024x503.jpg\" alt=\"\" class=\"wp-image-22100\" srcset=\"https:\/\/elinformante.mx\/wp-content\/uploads\/2023\/03\/sheinbaum-2-2-1024x503.jpg 1024w, https:\/\/elinformante.mx\/wp-content\/uploads\/2023\/03\/sheinbaum-2-2-300x147.jpg 300w, https:\/\/elinformante.mx\/wp-content\/uploads\/2023\/03\/sheinbaum-2-2-768x377.jpg 768w, https:\/\/elinformante.mx\/wp-content\/uploads\/2023\/03\/sheinbaum-2-2-580x285.jpg 580w, https:\/\/elinformante.mx\/wp-content\/uploads\/2023\/03\/sheinbaum-2-2-860x422.jpg 860w, https:\/\/elinformante.mx\/wp-content\/uploads\/2023\/03\/sheinbaum-2-2.jpg 1140w\" sizes=\"(max-width: 1024px) 100vw, 1024px\" \/><\/figure>\n\n\n\n<p>Cabe mencionar que en dicho video de Tiktok se se\u00f1ala que presuntamente Sheinbaum declin\u00f3 por la candidatura a favor de Marcelo Ebrard, y que ha utilizado recursos p\u00fablicos para su campa\u00f1a.<br><\/p>\n\n\n\n<p>\u201cPrimero que es falso, ah\u00ed estamos puestas para la encuesta, puesta para la encuesta. Y segundo, que se tomen un t\u00e9 de tila\u201d, coment\u00f3.<br><\/p>\n\n\n\n<p>En el video de TikTok publicado por el usuario @betocas59 se dice que la jefa de gobierno Claudia Sheinbaum declin\u00f3 a sus aspiraciones presidenciales a petici\u00f3n del presidente L\u00f3pez Obrador.<br><\/p>\n\n\n\n<p>Adem\u00e1s refiere que en la contienda quedan el secretario de Gobernaci\u00f3n Ad\u00e1n Augusto L\u00f3pez y el secretario de Relaciones Exteriores Marcelo Ebrard, quien afirman es en \u201celegido\u201d.<\/p>\n","protected":false},"excerpt":{"rendered":"<p>La mandataria capitalina desminti\u00f3 haber declinado a favor de Marcelo Ebrard como se difundi\u00f3 en un video en redes sociales. \u201cPuesta para la encuesta\u201d, dijo la jefa de Gobierno, Claudia Sheinbaum, al desmentir un video de TikTok d\u00f3nde se se\u00f1ala que declin\u00f3 para participar por la candidatura presidencial por Marcelo Ebrard, Secretario de Relaciones Exteriores. [&hellip;]<\/p>\n","protected":false},"author":1,"featured_media":22099,"comment_status":"closed","ping_status":"closed","sticky":false,"template":"","format":"standard","meta":{"footnotes":""},"categories":[35,30],"tags":[],"class_list":["post-22098","post","type-post","status-publish","format-standard","has-post-thumbnail","hentry","category-cdmx","category-destacado"],"_links":{"self":[{"href":"https:\/\/elinformante.mx\/index.php?rest_route=\/wp\/v2\/posts\/22098","targetHints":{"allow":["GET"]}}],"collection":[{"href":"https:\/\/elinformante.mx\/index.php?rest_route=\/wp\/v2\/posts"}],"about":[{"href":"https:\/\/elinformante.mx\/index.php?rest_route=\/wp\/v2\/types\/post"}],"author":[{"embeddable":true,"href":"https:\/\/elinformante.mx\/index.php?rest_route=\/wp\/v2\/users\/1"}],"replies":[{"embeddable":true,"href":"https:\/\/elinformante.mx\/index.php?rest_route=%2Fwp%2Fv2%2Fcomments&post=22098"}],"version-history":[{"count":0,"href":"https:\/\/elinformante.mx\/index.php?rest_route=\/wp\/v2\/posts\/22098\/revisions"}],"wp:featuredmedia":[{"embeddable":true,"href":"https:\/\/elinformante.mx\/index.php?rest_route=\/wp\/v2\/media\/22099"}],"wp:attachment":[{"href":"https:\/\/elinformante.mx\/index.php?rest_route=%2Fwp%2Fv2%2Fmedia&parent=22098"}],"wp:term":[{"taxonomy":"category","embeddable":true,"href":"https:\/\/elinformante.mx\/index.php?rest_route=%2Fwp%2Fv2%2Fcategories&post=22098"},{"taxonomy":"post_tag","embeddable":true,"href":"https:\/\/elinformante.mx\/index.php?rest_route=%2Fwp%2Fv2%2Ftags&post=22098"}],"curies":[{"name":"wp","href":"https:\/\/api.w.org\/{rel}","templated":true}]}}