{"id":22111,"date":"2023-03-15T14:57:03","date_gmt":"2023-03-15T14:57:03","guid":{"rendered":"https:\/\/elinformante.mx\/?p=22111"},"modified":"2023-03-15T14:57:04","modified_gmt":"2023-03-15T14:57:04","slug":"llego-medio-metro-para-promover-metepec","status":"publish","type":"post","link":"https:\/\/elinformante.mx\/?p=22111","title":{"rendered":"Lleg\u00f3 \u201cMedio Metro\u201d para promover Metepec"},"content":{"rendered":"\n<blockquote class=\"wp-block-quote is-layout-flow wp-block-quote-is-layout-flow\">\n<p>Locatarios del centro hist\u00f3rico de Metepec, llevaron al famoso animador \u201cMedio Metro\u201d para deleitar al p\u00fablico reunido en la calle Miguel Hidalgo, justo donde se ubican las sombrillas.<\/p>\n<\/blockquote>\n\n\n\n<p>Con una asistencia de aproximadamente 500 personas, el presidente municipal de Metepec, Fernando Flores Fern\u00e1ndez, asisti\u00f3 en calidad de invitado al inicio de la demostraci\u00f3n de baile de \u201cMedio Metro\u201d para saludar a las y los vecinos.<br><\/p>\n\n\n\n<p>Los propietarios de comercios del lugar, se\u00f1alaron que, a partir del inicio del programa \u201cMetepequenado\u201d el a\u00f1o pasado, la actividad econ\u00f3mica creci\u00f3 en todo el centro de Metepec y con este tipo de actividades, aseguraron que la recuperaci\u00f3n es una realidad.<br><\/p>\n\n\n\n<figure class=\"wp-block-image size-large\"><img fetchpriority=\"high\" decoding=\"async\" width=\"1024\" height=\"503\" src=\"https:\/\/elinformante.mx\/wp-content\/uploads\/2023\/03\/llego-2-1024x503.jpg\" alt=\"\" class=\"wp-image-22113\" srcset=\"https:\/\/elinformante.mx\/wp-content\/uploads\/2023\/03\/llego-2-1024x503.jpg 1024w, https:\/\/elinformante.mx\/wp-content\/uploads\/2023\/03\/llego-2-300x147.jpg 300w, https:\/\/elinformante.mx\/wp-content\/uploads\/2023\/03\/llego-2-768x377.jpg 768w, https:\/\/elinformante.mx\/wp-content\/uploads\/2023\/03\/llego-2-580x285.jpg 580w, https:\/\/elinformante.mx\/wp-content\/uploads\/2023\/03\/llego-2-860x422.jpg 860w, https:\/\/elinformante.mx\/wp-content\/uploads\/2023\/03\/llego-2.jpg 1140w\" sizes=\"(max-width: 1024px) 100vw, 1024px\" \/><\/figure>\n\n\n\n<p>Ataviado de su indumentaria a la usanza del Chavo del Ocho, el popular personaje creaci\u00f3n de don Roberto G\u00f3mez Bola\u00f1os, el llamado \u201cMedio Metro\u201d tom\u00f3 por asalto las calles de Metepec para hacer una invitaci\u00f3n a \u201cMetepequear\u201d, como lo ha solicitado el presidente municipal, Fernando Flores Fern\u00e1ndez.<br><\/p>\n\n\n\n<p>El mun\u00edcipe de Metepec se\u00f1al\u00f3 que la presencia de \u201cMedio Metro\u201d fue un homenaje a la alegr\u00eda, al despertar, a la reactivaci\u00f3n de la vida en sociedad que impulsa su administraci\u00f3n, y plante\u00f3 que la mejor forma de impulsar el desarrollo econ\u00f3mico, el empleo y las actividades productivas es promoviendo que la gente visite Metepec, le conozca y aprenda a amarlo.<br><\/p>\n\n\n\n<p>La presencia de \u201cMedio Metro\u201d motiv\u00f3 a cientos de personas a bailar y despu\u00e9s a visitar algunos de los sitios m\u00e1s emblem\u00e1ticos del centro de la cabecera municipal, como la fuente de la Tlanchana, que sirvi\u00f3 para tomarse cientos de \u201cselfis\u201d, adem\u00e1s de aprovechar para disfrutar de una nieve de sabores y de conocer algo de lo mucho que en materia gastron\u00f3mica tiene Metepec que ofrecer a los visitantes.<\/p>\n","protected":false},"excerpt":{"rendered":"<p>Locatarios del centro hist\u00f3rico de Metepec, llevaron al famoso animador \u201cMedio Metro\u201d para deleitar al p\u00fablico reunido en la calle Miguel Hidalgo, justo donde se ubican las sombrillas. Con una asistencia de aproximadamente 500 personas, el presidente municipal de Metepec, Fernando Flores Fern\u00e1ndez, asisti\u00f3 en calidad de invitado al inicio de la demostraci\u00f3n de baile [&hellip;]<\/p>\n","protected":false},"author":1,"featured_media":22112,"comment_status":"closed","ping_status":"closed","sticky":false,"template":"","format":"standard","meta":{"footnotes":""},"categories":[30,36],"tags":[],"class_list":["post-22111","post","type-post","status-publish","format-standard","has-post-thumbnail","hentry","category-destacado","category-edomex"],"_links":{"self":[{"href":"https:\/\/elinformante.mx\/index.php?rest_route=\/wp\/v2\/posts\/22111","targetHints":{"allow":["GET"]}}],"collection":[{"href":"https:\/\/elinformante.mx\/index.php?rest_route=\/wp\/v2\/posts"}],"about":[{"href":"https:\/\/elinformante.mx\/index.php?rest_route=\/wp\/v2\/types\/post"}],"author":[{"embeddable":true,"href":"https:\/\/elinformante.mx\/index.php?rest_route=\/wp\/v2\/users\/1"}],"replies":[{"embeddable":true,"href":"https:\/\/elinformante.mx\/index.php?rest_route=%2Fwp%2Fv2%2Fcomments&post=22111"}],"version-history":[{"count":0,"href":"https:\/\/elinformante.mx\/index.php?rest_route=\/wp\/v2\/posts\/22111\/revisions"}],"wp:featuredmedia":[{"embeddable":true,"href":"https:\/\/elinformante.mx\/index.php?rest_route=\/wp\/v2\/media\/22112"}],"wp:attachment":[{"href":"https:\/\/elinformante.mx\/index.php?rest_route=%2Fwp%2Fv2%2Fmedia&parent=22111"}],"wp:term":[{"taxonomy":"category","embeddable":true,"href":"https:\/\/elinformante.mx\/index.php?rest_route=%2Fwp%2Fv2%2Fcategories&post=22111"},{"taxonomy":"post_tag","embeddable":true,"href":"https:\/\/elinformante.mx\/index.php?rest_route=%2Fwp%2Fv2%2Ftags&post=22111"}],"curies":[{"name":"wp","href":"https:\/\/api.w.org\/{rel}","templated":true}]}}