{"id":22125,"date":"2023-03-15T15:08:06","date_gmt":"2023-03-15T15:08:06","guid":{"rendered":"https:\/\/elinformante.mx\/?p=22125"},"modified":"2023-03-15T15:08:07","modified_gmt":"2023-03-15T15:08:07","slug":"pique-lanza-demoledor-reproche-contra-shakira-en-primera-entrevista-tras-separacion","status":"publish","type":"post","link":"https:\/\/elinformante.mx\/?p=22125","title":{"rendered":"Piqu\u00e9 lanza demoledor reproche contra Shakira en primera entrevista tras separaci\u00f3n"},"content":{"rendered":"\n<p>Luego de que Shakira lanzara varias canciones en su contra y una m\u00e1s fuerte en su contra y Clara Ch\u00eda, Piqu\u00e9 decidi\u00f3 hablar un poco del tema de su separaci\u00f3n.<br><\/p>\n\n\n\n<p>Gerard Piqu\u00e9 dio su primera entrevista en profundidad tras la separaci\u00f3n con Shakira. Y no ha defraudado. El exfutbolista rompi\u00f3 el silencio en el programa \u2018El m\u00f3n a Rac1\u2019, presentado por su amigo Jordi Bast\u00e9 y, a pesar de que ha evitado nombrar a la cantante colombiana, no ha dudado en lanzarle un demoledor reproche con sus hijos Milan y Sasha.<br><\/p>\n\n\n\n<p>Luego de que Shakira lanzara varias canciones en su contra y una m\u00e1s fuerte en su contra y Clara Ch\u00eda, Piqu\u00e9 decidi\u00f3 hablar un poco del tema de su separaci\u00f3n.<br><\/p>\n\n\n\n<p>Sobre la canci\u00f3n con Bizarrap, Piqu\u00e9 mencion\u00f3 que \u201cobviamente la he escuchado\u201d -en referencia a \u2018Session #53\u2019, la canci\u00f3n en la que su ex arremete ferozmente contra \u00e9l y contra su novia, Clara Ch\u00eda-, aunque dijo que preferir\u00eda no hablar sobre ello.<br><\/p>\n\n\n\n<p>\u00bfPor qu\u00e9 no quiso hablar de ello? Seg\u00fan mencion\u00f3, los padres deben proteger a sus hijos y el silencio es parte de ello.<br><\/p>\n\n\n\n<p>\u201cLas personas tenemos una responsabilidad, sobre todo los que somos padres, de intentar proteger a nuestros hijos\u201d, mencion\u00f3.<br><\/p>\n\n\n\n<p>Por otro lado, el ex futbolista indic\u00f3 que cada persona toma sus propias decisiones y que para \u00e9l lo \u00fanico importante es que sus hijos est\u00e9n bien.<br><\/p>\n\n\n\n<p>\u201cNo quiero decir nada al respecto, cada uno toma las decisiones que cree oportunas y no tengo ganas de hablar m\u00e1s del tema ya que creo que al final lo \u00fanico es que mis hijos est\u00e9n bien\u201d, mencion\u00f3.<br><\/p>\n\n\n\n<p>Lo anterior formar\u00eda parte de un reproche a Shakira que no ha pasado inadvertido sobre el comportamiento que la artista desde su ruptura, y tras el que no ha querido decir ni una palabra m\u00e1s sobre el asunto.<\/p>\n","protected":false},"excerpt":{"rendered":"<p>Luego de que Shakira lanzara varias canciones en su contra y una m\u00e1s fuerte en su contra y Clara Ch\u00eda, Piqu\u00e9 decidi\u00f3 hablar un poco del tema de su separaci\u00f3n. Gerard Piqu\u00e9 dio su primera entrevista en profundidad tras la separaci\u00f3n con Shakira. Y no ha defraudado. El exfutbolista rompi\u00f3 el silencio en el programa [&hellip;]<\/p>\n","protected":false},"author":1,"featured_media":22126,"comment_status":"closed","ping_status":"closed","sticky":false,"template":"","format":"standard","meta":{"footnotes":""},"categories":[39],"tags":[],"class_list":["post-22125","post","type-post","status-publish","format-standard","has-post-thumbnail","hentry","category-espectaculos"],"_links":{"self":[{"href":"https:\/\/elinformante.mx\/index.php?rest_route=\/wp\/v2\/posts\/22125","targetHints":{"allow":["GET"]}}],"collection":[{"href":"https:\/\/elinformante.mx\/index.php?rest_route=\/wp\/v2\/posts"}],"about":[{"href":"https:\/\/elinformante.mx\/index.php?rest_route=\/wp\/v2\/types\/post"}],"author":[{"embeddable":true,"href":"https:\/\/elinformante.mx\/index.php?rest_route=\/wp\/v2\/users\/1"}],"replies":[{"embeddable":true,"href":"https:\/\/elinformante.mx\/index.php?rest_route=%2Fwp%2Fv2%2Fcomments&post=22125"}],"version-history":[{"count":0,"href":"https:\/\/elinformante.mx\/index.php?rest_route=\/wp\/v2\/posts\/22125\/revisions"}],"wp:featuredmedia":[{"embeddable":true,"href":"https:\/\/elinformante.mx\/index.php?rest_route=\/wp\/v2\/media\/22126"}],"wp:attachment":[{"href":"https:\/\/elinformante.mx\/index.php?rest_route=%2Fwp%2Fv2%2Fmedia&parent=22125"}],"wp:term":[{"taxonomy":"category","embeddable":true,"href":"https:\/\/elinformante.mx\/index.php?rest_route=%2Fwp%2Fv2%2Fcategories&post=22125"},{"taxonomy":"post_tag","embeddable":true,"href":"https:\/\/elinformante.mx\/index.php?rest_route=%2Fwp%2Fv2%2Ftags&post=22125"}],"curies":[{"name":"wp","href":"https:\/\/api.w.org\/{rel}","templated":true}]}}