{"id":22128,"date":"2023-03-15T15:09:00","date_gmt":"2023-03-15T15:09:00","guid":{"rendered":"https:\/\/elinformante.mx\/?p=22128"},"modified":"2023-03-15T15:09:01","modified_gmt":"2023-03-15T15:09:01","slug":"canelo-alvarez-peleara-en-el-estadio-akron","status":"publish","type":"post","link":"https:\/\/elinformante.mx\/?p=22128","title":{"rendered":"\u201cCanelo\u201d \u00c1lvarez pelear\u00e1 en el Estadio Akron"},"content":{"rendered":"\n<p>Sa\u00fal \u2018Canelo\u2019 \u00c1lvarez revel\u00f3 la sede del combate que sostendr\u00e1 contra John Ryder el pr\u00f3ximo 6 de mayo, donde tratar\u00e1 de defender sus t\u00edtulos en el Estadio Akron.<br><\/p>\n\n\n\n<p>\u201c\u00a1Confirmado! Defender\u00e9 mis t\u00edtulos en Jalisco este pr\u00f3ximo 6 de Mayo en el Estadio Akron contra John Ryder\u201d, public\u00f3 el tapat\u00edo en sus redes sociales.<br><\/p>\n\n\n\n<p>El pasado 20 de febrero, \u2018Canelo\u2019 \u00c1lvarez y el gobernador de Jalisco, Enrique Alfaro, confirmaron que pelear\u00e1 en la entidad como parte de la celebraci\u00f3n de los 200 a\u00f1os del Estado.<br><\/p>\n\n\n\n<figure class=\"wp-block-image size-large\"><img fetchpriority=\"high\" decoding=\"async\" width=\"1024\" height=\"503\" src=\"https:\/\/elinformante.mx\/wp-content\/uploads\/2023\/03\/canelo-2-1024x503.jpg\" alt=\"\" class=\"wp-image-22130\" srcset=\"https:\/\/elinformante.mx\/wp-content\/uploads\/2023\/03\/canelo-2-1024x503.jpg 1024w, https:\/\/elinformante.mx\/wp-content\/uploads\/2023\/03\/canelo-2-300x147.jpg 300w, https:\/\/elinformante.mx\/wp-content\/uploads\/2023\/03\/canelo-2-768x377.jpg 768w, https:\/\/elinformante.mx\/wp-content\/uploads\/2023\/03\/canelo-2-580x285.jpg 580w, https:\/\/elinformante.mx\/wp-content\/uploads\/2023\/03\/canelo-2-860x422.jpg 860w, https:\/\/elinformante.mx\/wp-content\/uploads\/2023\/03\/canelo-2.jpg 1140w\" sizes=\"(max-width: 1024px) 100vw, 1024px\" \/><\/figure>\n\n\n\n<p>\u201cPor eso estoy listo para regresar a mi casa, defender mis t\u00edtulos, en el lugar donde nac\u00ed e inici\u00f3 mi historia, con la gente que me ha apoyado\u201d, indic\u00f3 en ese entonces el campe\u00f3n mexicano.<br><\/p>\n\n\n\n<p>El 1 de enero del presente a\u00f1o, \u2018Canelo\u2019 comparti\u00f3 que seguir\u00e1 trabajando para llegar a\u00fan m\u00e1s lejos.<br><\/p>\n\n\n\n<p>El 17 de septiembre de 2022, Sa\u00fal \u00c1lvarez venci\u00f3 al kazajo Gennady Golovkn. D\u00edas despu\u00e9s, se someti\u00f3 a una cirug\u00eda en su mano izquierda.<\/p>\n","protected":false},"excerpt":{"rendered":"<p>Sa\u00fal \u2018Canelo\u2019 \u00c1lvarez revel\u00f3 la sede del combate que sostendr\u00e1 contra John Ryder el pr\u00f3ximo 6 de mayo, donde tratar\u00e1 de defender sus t\u00edtulos en el Estadio Akron. \u201c\u00a1Confirmado! Defender\u00e9 mis t\u00edtulos en Jalisco este pr\u00f3ximo 6 de Mayo en el Estadio Akron contra John Ryder\u201d, public\u00f3 el tapat\u00edo en sus redes sociales. El pasado [&hellip;]<\/p>\n","protected":false},"author":1,"featured_media":22129,"comment_status":"closed","ping_status":"closed","sticky":false,"template":"","format":"standard","meta":{"footnotes":""},"categories":[38],"tags":[],"class_list":["post-22128","post","type-post","status-publish","format-standard","has-post-thumbnail","hentry","category-deportes"],"_links":{"self":[{"href":"https:\/\/elinformante.mx\/index.php?rest_route=\/wp\/v2\/posts\/22128","targetHints":{"allow":["GET"]}}],"collection":[{"href":"https:\/\/elinformante.mx\/index.php?rest_route=\/wp\/v2\/posts"}],"about":[{"href":"https:\/\/elinformante.mx\/index.php?rest_route=\/wp\/v2\/types\/post"}],"author":[{"embeddable":true,"href":"https:\/\/elinformante.mx\/index.php?rest_route=\/wp\/v2\/users\/1"}],"replies":[{"embeddable":true,"href":"https:\/\/elinformante.mx\/index.php?rest_route=%2Fwp%2Fv2%2Fcomments&post=22128"}],"version-history":[{"count":0,"href":"https:\/\/elinformante.mx\/index.php?rest_route=\/wp\/v2\/posts\/22128\/revisions"}],"wp:featuredmedia":[{"embeddable":true,"href":"https:\/\/elinformante.mx\/index.php?rest_route=\/wp\/v2\/media\/22129"}],"wp:attachment":[{"href":"https:\/\/elinformante.mx\/index.php?rest_route=%2Fwp%2Fv2%2Fmedia&parent=22128"}],"wp:term":[{"taxonomy":"category","embeddable":true,"href":"https:\/\/elinformante.mx\/index.php?rest_route=%2Fwp%2Fv2%2Fcategories&post=22128"},{"taxonomy":"post_tag","embeddable":true,"href":"https:\/\/elinformante.mx\/index.php?rest_route=%2Fwp%2Fv2%2Ftags&post=22128"}],"curies":[{"name":"wp","href":"https:\/\/api.w.org\/{rel}","templated":true}]}}