{"id":22132,"date":"2023-03-15T15:09:56","date_gmt":"2023-03-15T15:09:56","guid":{"rendered":"https:\/\/elinformante.mx\/?p=22132"},"modified":"2023-03-15T15:09:57","modified_gmt":"2023-03-15T15:09:57","slug":"detienen-a-dos-hombres-posibles-implicados-en-el-delito-de-robo-con-violencia","status":"publish","type":"post","link":"https:\/\/elinformante.mx\/?p=22132","title":{"rendered":"Detienen a dos hombres posibles implicados en el delito de robo con violencia"},"content":{"rendered":"\n<blockquote class=\"wp-block-quote is-layout-flow wp-block-quote-is-layout-flow\">\n<p>Los hechos fueron denunciados por la v\u00edctima cuando los uniformados efectuaban recorridos de seguridad y vigilancia.<\/p>\n<\/blockquote>\n\n\n\n<p>En atenci\u00f3n oportuna a una denuncia ciudadana, elementos de la Secretar\u00eda de Seguridad (SS) detuvieron a dos hombres posibles implicados en el delito de robo con violencia.<br><\/p>\n\n\n\n<p>Mientras polic\u00edas estatales realizaban recorridos de seguridad y vigilancia sobre el camino viejo a Tecomatepec, en la localidad del mismo nombre, fueron abordados por una ciudadana, quien relat\u00f3 que momentos antes tres individuos hab\u00edan ingresado a su negocio para amenazarla con un arma y un picahielos para as\u00ed desapoderarla del dinero de las ventas del d\u00eda, as\u00ed como de su tel\u00e9fono celular.<br><\/p>\n\n\n\n<p>Con los datos aportados en la denuncia, los oficiales implementaron un operativo de b\u00fasqueda, mismo que culmin\u00f3 metros adelante donde tuvieron a la vista a dos sujetos que cumpl\u00edan con las caracter\u00edsticas se\u00f1aladas a bordo de un veh\u00edculo Nissan, tipo Tsuru, color blanco, con crom\u00e1tica de taxi por lo que se aproximaron a ellos para solicitar una revisi\u00f3n protocolaria.<br><\/p>\n\n\n\n<p>Al concluir la inspecci\u00f3n, los efectivos localizaron entre sus pertenencias tres celulares, dinero en efectivo en billetes de diversas denominaciones y un picahielos con mango de madera con punta met\u00e1lica con el que al parecer amedrentaron a la v\u00edctima.<br><\/p>\n\n\n\n<p>Luego de ser plenamente reconocidos por la parte afectada y dar lectura a los derechos que la ley confiere, Jos\u00e9 \u201cN\u201d de 27 a\u00f1os de edad y Gerardo \u201cN\u201d de 32 a\u00f1os junto con lo decomisado, fueron presentados ante la Fiscal\u00eda Regional de Tonatico, donde se resolver\u00e1 su situaci\u00f3n jur\u00eddica.<\/p>\n","protected":false},"excerpt":{"rendered":"<p>Los hechos fueron denunciados por la v\u00edctima cuando los uniformados efectuaban recorridos de seguridad y vigilancia. En atenci\u00f3n oportuna a una denuncia ciudadana, elementos de la Secretar\u00eda de Seguridad (SS) detuvieron a dos hombres posibles implicados en el delito de robo con violencia. Mientras polic\u00edas estatales realizaban recorridos de seguridad y vigilancia sobre el camino [&hellip;]<\/p>\n","protected":false},"author":1,"featured_media":22133,"comment_status":"closed","ping_status":"closed","sticky":false,"template":"","format":"standard","meta":{"footnotes":""},"categories":[37],"tags":[],"class_list":["post-22132","post","type-post","status-publish","format-standard","has-post-thumbnail","hentry","category-justicia"],"_links":{"self":[{"href":"https:\/\/elinformante.mx\/index.php?rest_route=\/wp\/v2\/posts\/22132","targetHints":{"allow":["GET"]}}],"collection":[{"href":"https:\/\/elinformante.mx\/index.php?rest_route=\/wp\/v2\/posts"}],"about":[{"href":"https:\/\/elinformante.mx\/index.php?rest_route=\/wp\/v2\/types\/post"}],"author":[{"embeddable":true,"href":"https:\/\/elinformante.mx\/index.php?rest_route=\/wp\/v2\/users\/1"}],"replies":[{"embeddable":true,"href":"https:\/\/elinformante.mx\/index.php?rest_route=%2Fwp%2Fv2%2Fcomments&post=22132"}],"version-history":[{"count":0,"href":"https:\/\/elinformante.mx\/index.php?rest_route=\/wp\/v2\/posts\/22132\/revisions"}],"wp:featuredmedia":[{"embeddable":true,"href":"https:\/\/elinformante.mx\/index.php?rest_route=\/wp\/v2\/media\/22133"}],"wp:attachment":[{"href":"https:\/\/elinformante.mx\/index.php?rest_route=%2Fwp%2Fv2%2Fmedia&parent=22132"}],"wp:term":[{"taxonomy":"category","embeddable":true,"href":"https:\/\/elinformante.mx\/index.php?rest_route=%2Fwp%2Fv2%2Fcategories&post=22132"},{"taxonomy":"post_tag","embeddable":true,"href":"https:\/\/elinformante.mx\/index.php?rest_route=%2Fwp%2Fv2%2Ftags&post=22132"}],"curies":[{"name":"wp","href":"https:\/\/api.w.org\/{rel}","templated":true}]}}