{"id":22135,"date":"2023-03-15T15:10:48","date_gmt":"2023-03-15T15:10:48","guid":{"rendered":"https:\/\/elinformante.mx\/?p=22135"},"modified":"2023-03-15T15:10:49","modified_gmt":"2023-03-15T15:10:49","slug":"vinculan-a-proceso-a-una-mujer-perito-del-caso-del-bar-la-polar","status":"publish","type":"post","link":"https:\/\/elinformante.mx\/?p=22135","title":{"rendered":"Vinculan a proceso a una mujer perito del caso del bar La Polar"},"content":{"rendered":"\n<blockquote class=\"wp-block-quote is-layout-flow wp-block-quote-is-layout-flow\">\n<p>La implicada probablemente se neg\u00f3 a realizar la recolecci\u00f3n, levantamiento y embalaje de indicios, por el delito de homicidio.<\/p>\n<\/blockquote>\n\n\n\n<p>Un juez de control vincul\u00f3 a proceso a una mujer perito de la Fiscal\u00eda General de Justica (FGJ), por su probable participaci\u00f3n en el delito de ejercicio abusivo de funciones, en la escena del crimen del bar La Polar ubicado en la alcald\u00eda Cuauht\u00e9moc, donde un hombre perdi\u00f3 la vida el 9 de enero de este a\u00f1o.<br><\/p>\n\n\n\n<p>La servidora p\u00fablica, identificada como Ver\u00f3nica \u201cN\u201d quien (,) en su calidad de perita profesional, probablemente se neg\u00f3 a realizar la recolecci\u00f3n, levantamiento y embalaje de indicios, por el delito de homicidio.<br><\/p>\n\n\n\n<p>Mediante la audiencia inicial, el juzgador dio por cumplimentado el mandamiento judicial por lo que el agente del Ministerio P\u00fablico de la Fiscal\u00eda de Investigaci\u00f3n de los Delitos cometidos por Servidores P\u00fablicos formul\u00f3 imputaci\u00f3n, pero la defensa solicit\u00f3 acogerse a la duplicidad del t\u00e9rmino constitucional.<br><\/p>\n\n\n\n<p>El juez ratific\u00f3 la medida cautelar de presentaci\u00f3n peri\u00f3dica y la suspensi\u00f3n temporal del cargo; se establecieron dos meses para el cierre de la investigaci\u00f3n complementaria.<\/p>\n","protected":false},"excerpt":{"rendered":"<p>La implicada probablemente se neg\u00f3 a realizar la recolecci\u00f3n, levantamiento y embalaje de indicios, por el delito de homicidio. Un juez de control vincul\u00f3 a proceso a una mujer perito de la Fiscal\u00eda General de Justica (FGJ), por su probable participaci\u00f3n en el delito de ejercicio abusivo de funciones, en la escena del crimen del [&hellip;]<\/p>\n","protected":false},"author":1,"featured_media":22136,"comment_status":"closed","ping_status":"closed","sticky":false,"template":"","format":"standard","meta":{"footnotes":""},"categories":[37],"tags":[],"class_list":["post-22135","post","type-post","status-publish","format-standard","has-post-thumbnail","hentry","category-justicia"],"_links":{"self":[{"href":"https:\/\/elinformante.mx\/index.php?rest_route=\/wp\/v2\/posts\/22135","targetHints":{"allow":["GET"]}}],"collection":[{"href":"https:\/\/elinformante.mx\/index.php?rest_route=\/wp\/v2\/posts"}],"about":[{"href":"https:\/\/elinformante.mx\/index.php?rest_route=\/wp\/v2\/types\/post"}],"author":[{"embeddable":true,"href":"https:\/\/elinformante.mx\/index.php?rest_route=\/wp\/v2\/users\/1"}],"replies":[{"embeddable":true,"href":"https:\/\/elinformante.mx\/index.php?rest_route=%2Fwp%2Fv2%2Fcomments&post=22135"}],"version-history":[{"count":0,"href":"https:\/\/elinformante.mx\/index.php?rest_route=\/wp\/v2\/posts\/22135\/revisions"}],"wp:featuredmedia":[{"embeddable":true,"href":"https:\/\/elinformante.mx\/index.php?rest_route=\/wp\/v2\/media\/22136"}],"wp:attachment":[{"href":"https:\/\/elinformante.mx\/index.php?rest_route=%2Fwp%2Fv2%2Fmedia&parent=22135"}],"wp:term":[{"taxonomy":"category","embeddable":true,"href":"https:\/\/elinformante.mx\/index.php?rest_route=%2Fwp%2Fv2%2Fcategories&post=22135"},{"taxonomy":"post_tag","embeddable":true,"href":"https:\/\/elinformante.mx\/index.php?rest_route=%2Fwp%2Fv2%2Ftags&post=22135"}],"curies":[{"name":"wp","href":"https:\/\/api.w.org\/{rel}","templated":true}]}}