{"id":22138,"date":"2023-03-15T15:12:07","date_gmt":"2023-03-15T15:12:07","guid":{"rendered":"https:\/\/elinformante.mx\/?p=22138"},"modified":"2023-03-15T15:12:08","modified_gmt":"2023-03-15T15:12:08","slug":"presentan-ss-y-la-cana-libro-acusais-a-la-mujer-sin-razon-feminismo-desde-la-carcel","status":"publish","type":"post","link":"https:\/\/elinformante.mx\/?p=22138","title":{"rendered":"Presentan SS y La Cana libro \u201cAcus\u00e1is a la mujer sin raz\u00f3n, feminismo desde la c\u00e1rcel\u201d"},"content":{"rendered":"\n<blockquote class=\"wp-block-quote is-layout-flow wp-block-quote-is-layout-flow\">\n<p>Este escrito busca concientizar sobre la realidad de muchas mujeres a partir de su infancia hasta c\u00f3mo llegan a prisi\u00f3n.<\/p>\n<\/blockquote>\n\n\n\n<p>Con la finalidad de visibilizar las historias de algunas internas Privadas de la Libertad (PPL) y como parte de su proceso de reinserci\u00f3n social, la Secretar\u00eda de Seguridad (SS) a trav\u00e9s de la Subsecretar\u00eda de Control Penitenciario, en coordinaci\u00f3n con La Cana, presentaron el libro \u201cAcus\u00e1is a la mujer sin raz\u00f3n, feminismo desde la c\u00e1rcel\u201d un extracto de 33 entrevistas a mujeres, realizadas en 12 diferentes c\u00e1rceles del pa\u00eds.<br><\/p>\n\n\n\n<p>En el Centro Penitenciario y de Reinserci\u00f3n Social (CPRS) de Nezahualc\u00f3yotl- Bordo de Xochiaca, Jacobo Olaf Rodr\u00edguez Garc\u00eda, Subsecretario de Control Penitenciario, expres\u00f3 que la SS realiza distintas actividades y busca que las privadas de la libertad por una orden judicial, obtengan herramientas que les sirvan el d\u00eda que salgan de los CPRS.<br><\/p>\n\n\n\n<p>\u201cUno de los esfuerzos m\u00e1s importantes que tenemos con las mujeres es con ellas con La Cana, porque lo hacen de manera decidida, es un esfuerzo gen\u00e9rico, genuino, adem\u00e1s muy amplio y muy loable, adem\u00e1s hoy nos escogieron a nosotros a este centro penitenciario; para que nuestras amigas de la Cana puedan venir a presentar su libro, es un libro que conjuga y que contiene las historias de muchas mujeres en reclusi\u00f3n a lo largo y ancho del pa\u00eds, son 10 a\u00f1os trabajando a favor de las mujeres que est\u00e1n en reclusi\u00f3n visibilizando sus historias, creyendo en las segundas oportunidades\u201d.<br><\/p>\n\n\n\n<p>A\u00f1adi\u00f3 que la Secretar\u00eda de Seguridad y la Subsecretar\u00eda de Control Penitenciario no intervienen en el proceso para juzgar y sancionar el posible delito que hayan cometido, pues solo se apegan a lo que la autoridad judicial ordena; sin embargo, a fin de contribuir a una buena reinserci\u00f3n social, todas las PPL tienen las mismas oportunidades como participar en talleres impartidos por La Cana, para contribuir econ\u00f3micamente a los gastos de su familia; aunado a esto tienen la capacidad de estudiar o desarrollar actividades como la lectura y actividad f\u00edsica, todo esto bajo un reglamento.<br><\/p>\n\n\n\n<figure class=\"wp-block-image size-large\"><img fetchpriority=\"high\" decoding=\"async\" width=\"1024\" height=\"503\" src=\"https:\/\/elinformante.mx\/wp-content\/uploads\/2023\/03\/presentan-2-1-1024x503.jpg\" alt=\"\" class=\"wp-image-22140\" srcset=\"https:\/\/elinformante.mx\/wp-content\/uploads\/2023\/03\/presentan-2-1-1024x503.jpg 1024w, https:\/\/elinformante.mx\/wp-content\/uploads\/2023\/03\/presentan-2-1-300x147.jpg 300w, https:\/\/elinformante.mx\/wp-content\/uploads\/2023\/03\/presentan-2-1-768x377.jpg 768w, https:\/\/elinformante.mx\/wp-content\/uploads\/2023\/03\/presentan-2-1-580x285.jpg 580w, https:\/\/elinformante.mx\/wp-content\/uploads\/2023\/03\/presentan-2-1-860x422.jpg 860w, https:\/\/elinformante.mx\/wp-content\/uploads\/2023\/03\/presentan-2-1.jpg 1140w\" sizes=\"(max-width: 1024px) 100vw, 1024px\" \/><\/figure>\n\n\n\n<p>Por su parte Mercedes Becker, cofundadora de La Cana, dijo que este libro refleja que no importa el lugar o las circunstancias, pues las PPL comparten historias y casos similares. Al realizar las entrevistas notaron que en muchos de los casos se\u00f1alan lo que las llev\u00f3 a delinquir, en ocasiones o en su mayor\u00eda de las veces origen de la violencia de g\u00e9nero; tambi\u00e9n detectaron que abandonan los estudios a una edad muy temprana, as\u00ed como que sufren de abuso sexual, psicol\u00f3gico y f\u00edsico.<br><\/p>\n\n\n\n<p>Daniela Ancira, tambi\u00e9n cofundadora y escritora del libro refiri\u00f3 que mediante entrevistas lograron concentrar un texto con una narrativa \u00e1gil que refleja por qu\u00e9 las privadas de la libertad terminan en los penales del pa\u00eds, agreg\u00f3 que hay casos muy fuertes pero esto ayudar\u00e1 a que la internas vean que no est\u00e1n solas y que asistir a los talleres las dotar\u00e1 de herramientas para que el d\u00eda que salgan sean independientes, tanto econ\u00f3micamente como emocionalmente.<br><\/p>\n\n\n\n<p>En el libro tambi\u00e9n participan Raquel Aguirre y Wendy Balc\u00e1zar quienes tambi\u00e9n son fundadoras de La Cana, mismas que agradecieron el apoyo y participaci\u00f3n de las autoridades de este CPRS y a las internas. As\u00ed mismo, aprovecharon para explicar que en el escrito se encuentran plasmadas 33 entrevistas a mujeres Privadas de la Libertad, realizada en 12 c\u00e1rceles diferentes de la Rep\u00fablica Mexicana, como Nuevo Le\u00f3n, Canc\u00fan, Tulum, Oaxaca, Quer\u00e9taro, entre otros.<br><\/p>\n\n\n\n<p>En el evento estuvieron presentes Jonathan Agust\u00edn Gonz\u00e1lez Torres, Director General de Prevenci\u00f3n y Reinserci\u00f3n Social y Ver\u00f3nica Jim\u00e9nez Moreno, Directora del CPRS Nezahualc\u00f3yotl-Bordo de Xochiaca, as\u00ed como otras internas.<\/p>\n","protected":false},"excerpt":{"rendered":"<p>Este escrito busca concientizar sobre la realidad de muchas mujeres a partir de su infancia hasta c\u00f3mo llegan a prisi\u00f3n. Con la finalidad de visibilizar las historias de algunas internas Privadas de la Libertad (PPL) y como parte de su proceso de reinserci\u00f3n social, la Secretar\u00eda de Seguridad (SS) a trav\u00e9s de la Subsecretar\u00eda de [&hellip;]<\/p>\n","protected":false},"author":1,"featured_media":22139,"comment_status":"closed","ping_status":"closed","sticky":false,"template":"","format":"standard","meta":{"footnotes":""},"categories":[37],"tags":[],"class_list":["post-22138","post","type-post","status-publish","format-standard","has-post-thumbnail","hentry","category-justicia"],"_links":{"self":[{"href":"https:\/\/elinformante.mx\/index.php?rest_route=\/wp\/v2\/posts\/22138","targetHints":{"allow":["GET"]}}],"collection":[{"href":"https:\/\/elinformante.mx\/index.php?rest_route=\/wp\/v2\/posts"}],"about":[{"href":"https:\/\/elinformante.mx\/index.php?rest_route=\/wp\/v2\/types\/post"}],"author":[{"embeddable":true,"href":"https:\/\/elinformante.mx\/index.php?rest_route=\/wp\/v2\/users\/1"}],"replies":[{"embeddable":true,"href":"https:\/\/elinformante.mx\/index.php?rest_route=%2Fwp%2Fv2%2Fcomments&post=22138"}],"version-history":[{"count":0,"href":"https:\/\/elinformante.mx\/index.php?rest_route=\/wp\/v2\/posts\/22138\/revisions"}],"wp:featuredmedia":[{"embeddable":true,"href":"https:\/\/elinformante.mx\/index.php?rest_route=\/wp\/v2\/media\/22139"}],"wp:attachment":[{"href":"https:\/\/elinformante.mx\/index.php?rest_route=%2Fwp%2Fv2%2Fmedia&parent=22138"}],"wp:term":[{"taxonomy":"category","embeddable":true,"href":"https:\/\/elinformante.mx\/index.php?rest_route=%2Fwp%2Fv2%2Fcategories&post=22138"},{"taxonomy":"post_tag","embeddable":true,"href":"https:\/\/elinformante.mx\/index.php?rest_route=%2Fwp%2Fv2%2Ftags&post=22138"}],"curies":[{"name":"wp","href":"https:\/\/api.w.org\/{rel}","templated":true}]}}