{"id":22161,"date":"2023-03-15T15:29:50","date_gmt":"2023-03-15T15:29:50","guid":{"rendered":"https:\/\/elinformante.mx\/?p=22161"},"modified":"2023-03-15T15:29:51","modified_gmt":"2023-03-15T15:29:51","slug":"no-les-vamos-a-dejar-el-mando-del-pais-les-contesta-amlo-a-legisladores-de-eua","status":"publish","type":"post","link":"https:\/\/elinformante.mx\/?p=22161","title":{"rendered":"\u201cNo les vamos a dejar el mando del pa\u00eds\u201d les contesta AMLO a legisladores de EUA"},"content":{"rendered":"\n<blockquote class=\"wp-block-quote is-layout-flow wp-block-quote-is-layout-flow\">\n<p>L\u00f3pez Obrador recibi\u00f3 a una delegaci\u00f3n de legisladores republicanos y dem\u00f3cratas de Estados Unidos para hablarles sobre el combate al fentanilo.<\/p>\n<\/blockquote>\n\n\n\n<p>El presidente Andr\u00e9s Manuel L\u00f3pez Obrador advirti\u00f3 a los legisladores estadunidenses que lo visitaron ayer en Palacio Nacional que M\u00e9xico est\u00e1 dispuesto a trabajar de manera coordinada con Estados Unidos, pero no les va a dejar el mando del pa\u00eds.<br><\/p>\n\n\n\n<p>En la conferencia ma\u00f1anera de Palacio Nacional, el mandatario confi\u00f3 en que Genaro Garc\u00eda Luna reaccione y le haga un servicio a M\u00e9xico dando a conocer su relaci\u00f3n con las agencias de seguridad de Estados Unidos, e incluso con el Partido Acci\u00f3n Nacional (PAN).<br><\/p>\n\n\n\n<p>\u201cS\u00ed lo plante\u00e9, se los dije a ellos los legisladores, \u00bfc\u00f3mo no lo voy a plantear? Ellos tienen sus puntos de vista, pero nosotros lo que sostenemos es de que no podemos permitir que ning\u00fan gobierno extranjero intervenga en asuntos que solo corresponden a M\u00e9xico, estamos trabajando, cooperando de manera coordinada, pero no les vamos a dejar el mando del pa\u00eds. Ni modo que la DEA sea la que decida en M\u00e9xico\u201d, reclam\u00f3.<br><\/p>\n\n\n\n<p>Dijo que ayudar\u00edan las declaraciones de Garc\u00eda Luna a que los legisladores republicanos no est\u00e9n planteando que la Administraci\u00f3n de Control de Drogas (DEA, por sus siglas en ingl\u00e9s) y el ej\u00e9rcito de Estados Unidos deben entrar a M\u00e9xico para combatir a los narcotraficantes en una \u201cfranca actitud intervencionista\u201d.<br><\/p>\n\n\n\n<figure class=\"wp-block-image size-large\"><img fetchpriority=\"high\" decoding=\"async\" width=\"1024\" height=\"503\" src=\"https:\/\/elinformante.mx\/wp-content\/uploads\/2023\/03\/no-les-1024x503.jpg\" alt=\"\" class=\"wp-image-22163\" srcset=\"https:\/\/elinformante.mx\/wp-content\/uploads\/2023\/03\/no-les-1024x503.jpg 1024w, https:\/\/elinformante.mx\/wp-content\/uploads\/2023\/03\/no-les-300x147.jpg 300w, https:\/\/elinformante.mx\/wp-content\/uploads\/2023\/03\/no-les-768x377.jpg 768w, https:\/\/elinformante.mx\/wp-content\/uploads\/2023\/03\/no-les-580x285.jpg 580w, https:\/\/elinformante.mx\/wp-content\/uploads\/2023\/03\/no-les-860x422.jpg 860w, https:\/\/elinformante.mx\/wp-content\/uploads\/2023\/03\/no-les.jpg 1140w\" sizes=\"(max-width: 1024px) 100vw, 1024px\" \/><\/figure>\n\n\n\n<p>\u201cQue explicara su vinculaci\u00f3n con las autoridades estadunidenses y c\u00f3mo es que las agencias del gobierno de Estados Unidos no se dieron cuenta de que Garc\u00eda Luna trabajaba al servicio de un c\u00e1rtel, c\u00f3mo es que no se dieron cuenta y por qu\u00e9 no abren una investigaci\u00f3n sobre esto all\u00e1 en Estados Unidos, por qu\u00e9 quieren ahora echarnos la culpa a nosotros\u201d, acus\u00f3.<br><\/p>\n\n\n\n<p>Ayer, L\u00f3pez Obrador recibi\u00f3 a una delegaci\u00f3n de legisladores republicanos y dem\u00f3cratas de Estados Unidos para hablarles sobre el combate al fentanilo as\u00ed como de las controversias comerciales que hay entre ambos pa\u00edses.<br><\/p>\n\n\n\n<p>Adem\u00e1s, record\u00f3 que el PAN pag\u00f3 por servicios a las empresas de Garc\u00eda Luna cuando el presidente nacional del partido era Gustavo Madero.<br><\/p>\n\n\n\n<p>Y, nuevamente, aprovech\u00f3 para leer el comunicado del PAN en donde le piden colaborar con la DEA.<br><\/p>\n\n\n\n<p>\u201cAdem\u00e1s el presidente del PAN se atreve a decir en una entrevista, si no se alinea L\u00f3pez Obrador a la DEA le va a pasar lo mismo que a Garc\u00eda Luna\u201d.<\/p>\n","protected":false},"excerpt":{"rendered":"<p>L\u00f3pez Obrador recibi\u00f3 a una delegaci\u00f3n de legisladores republicanos y dem\u00f3cratas de Estados Unidos para hablarles sobre el combate al fentanilo. El presidente Andr\u00e9s Manuel L\u00f3pez Obrador advirti\u00f3 a los legisladores estadunidenses que lo visitaron ayer en Palacio Nacional que M\u00e9xico est\u00e1 dispuesto a trabajar de manera coordinada con Estados Unidos, pero no les va [&hellip;]<\/p>\n","protected":false},"author":1,"featured_media":22162,"comment_status":"closed","ping_status":"closed","sticky":false,"template":"","format":"standard","meta":{"footnotes":""},"categories":[34],"tags":[],"class_list":["post-22161","post","type-post","status-publish","format-standard","has-post-thumbnail","hentry","category-nacional"],"_links":{"self":[{"href":"https:\/\/elinformante.mx\/index.php?rest_route=\/wp\/v2\/posts\/22161","targetHints":{"allow":["GET"]}}],"collection":[{"href":"https:\/\/elinformante.mx\/index.php?rest_route=\/wp\/v2\/posts"}],"about":[{"href":"https:\/\/elinformante.mx\/index.php?rest_route=\/wp\/v2\/types\/post"}],"author":[{"embeddable":true,"href":"https:\/\/elinformante.mx\/index.php?rest_route=\/wp\/v2\/users\/1"}],"replies":[{"embeddable":true,"href":"https:\/\/elinformante.mx\/index.php?rest_route=%2Fwp%2Fv2%2Fcomments&post=22161"}],"version-history":[{"count":0,"href":"https:\/\/elinformante.mx\/index.php?rest_route=\/wp\/v2\/posts\/22161\/revisions"}],"wp:featuredmedia":[{"embeddable":true,"href":"https:\/\/elinformante.mx\/index.php?rest_route=\/wp\/v2\/media\/22162"}],"wp:attachment":[{"href":"https:\/\/elinformante.mx\/index.php?rest_route=%2Fwp%2Fv2%2Fmedia&parent=22161"}],"wp:term":[{"taxonomy":"category","embeddable":true,"href":"https:\/\/elinformante.mx\/index.php?rest_route=%2Fwp%2Fv2%2Fcategories&post=22161"},{"taxonomy":"post_tag","embeddable":true,"href":"https:\/\/elinformante.mx\/index.php?rest_route=%2Fwp%2Fv2%2Ftags&post=22161"}],"curies":[{"name":"wp","href":"https:\/\/api.w.org\/{rel}","templated":true}]}}