{"id":22312,"date":"2023-03-17T14:26:38","date_gmt":"2023-03-17T14:26:38","guid":{"rendered":"https:\/\/elinformante.mx\/?p=22312"},"modified":"2023-03-17T14:26:39","modified_gmt":"2023-03-17T14:26:39","slug":"queda-mexico-fuera-de-centroamericanos-en-tenis-de-mesa-por-error-administrativo","status":"publish","type":"post","link":"https:\/\/elinformante.mx\/?p=22312","title":{"rendered":"Queda M\u00e9xico fuera de Centroamericanos en tenis de mesa por error administrativo"},"content":{"rendered":"\n<blockquote class=\"wp-block-quote is-layout-flow wp-block-quote-is-layout-flow\">\n<p>Indicaron que dicha omisi\u00f3n es un \u201cerror hist\u00f3rico\u201d y les result\u00f3 incre\u00edble que la FEMETEME simplemente se \u201cdisculpe\u201d y no haya analizado el impacto negativo que significa para los deportistas su ausencia de la competencia.<\/p>\n<\/blockquote>\n\n\n\n<p>La selecci\u00f3n mexicana de tenis de mesa varonil confirm\u00f3 que no participar\u00e1 en los Juegos Centroamericanos y del Caribe El Salvador 2023 debido a que la Federaci\u00f3n Mexicana (FEMETEME) no los inscribi\u00f3 al clasificatorio que arrancar\u00e1 este fin de semana en Guyana.<br><\/p>\n\n\n\n<p>En un comunicado, los tenimesistas Marcos Madrid, Rogelio Castro, Ricardo Villa y Pablo Gastelum informaron que por un \u201cerror administrativo o incomprensi\u00f3n\u201d, no podr\u00e1n asistir a la justa que forma parte del ciclo ol\u00edmpico para Par\u00eds 2024.<br><\/p>\n\n\n\n<p>\u201cLa Federaci\u00f3n de Tenis de Mesa ha informado ayer que a causa de un error administrativo o incomprensi\u00f3n, estamos fuera de los pr\u00f3ximos Juegos Centroamericanos y del Caribe en El Salvador 2023, por no inscribirnos al evento clasificatorio a tiempo. SE LES OLVID\u00d3\u201d, se\u00f1ala la misiva.<br><\/p>\n\n\n\n<p>\u201cEs inconcebible que la Federaci\u00f3n Mexicana haya olvidado inscribirnos en un evento que se celebra cada cuatro a\u00f1os. Esta omisi\u00f3n no s\u00f3lo ha afectado nuestra carrera deportiva, sino que tambi\u00e9n ha comprometido el esfuerzo y la inversi\u00f3n de m\u00e1s de cuatro a\u00f1os de dedicaci\u00f3n y sacrificio de todo nuestro equipo\u201d, agrega.<br><\/p>\n\n\n\n<p>Indicaron que dicha omisi\u00f3n es un \u201cerror hist\u00f3rico\u201d y les result\u00f3 incre\u00edble que la FEMETEME simplemente se \u201cdisculpe\u201d y no haya analizado el impacto negativo que significa para los deportistas su ausencia de la competencia.<br><\/p>\n\n\n\n<p>Pidieron la intervenci\u00f3n del Comit\u00e9 Ol\u00edmpico Mexicano (COM) para que tome cartas en el asunto, que se d\u00e9 marcha atr\u00e1s a esta decisi\u00f3n y se les permita asistir a los Centroamericanos \u201cpara que la ITTF Am\u00e9ricas (International Table Tennis Federation) y su presidente, reconsideren su decisi\u00f3n y nos permitan participar en estos juegos. Cre\u00e9mos que la exclusi\u00f3n de nuestro equipo no s\u00f3lo afecta a los atletas, sino tambi\u00e9n a la calidad de los juegos y al esp\u00edritu deportivo que los anima. Los atletas s\u00f3lo queremos competir\u201d.<br><\/p>\n\n\n\n<p>\u201cNo podemos permitir que esta negligencia por parte de la Federaci\u00f3n Mexicana comprometa nuestras oportunidades de alcanzar nuestras metas. Exigimos cambios urgentes en la Federaci\u00f3n Mexicana y una mayor consideraci\u00f3n y respeto hacia los atletas\u201d.<br><\/p>\n\n\n\n<p>\u201cNuestro objetivo n\u00famero uno es de poder participar en estos juegos y poder representar a M\u00e9xico. Agradecemos su atenci\u00f3n y esperemos que se tomen medidas urgentes para ayudarnos en esta situaci\u00f3n\u201d, sentenci\u00f3 el comunicado.<\/p>\n","protected":false},"excerpt":{"rendered":"<p>Indicaron que dicha omisi\u00f3n es un \u201cerror hist\u00f3rico\u201d y les result\u00f3 incre\u00edble que la FEMETEME simplemente se \u201cdisculpe\u201d y no haya analizado el impacto negativo que significa para los deportistas su ausencia de la competencia. La selecci\u00f3n mexicana de tenis de mesa varonil confirm\u00f3 que no participar\u00e1 en los Juegos Centroamericanos y del Caribe El [&hellip;]<\/p>\n","protected":false},"author":1,"featured_media":22313,"comment_status":"closed","ping_status":"closed","sticky":false,"template":"","format":"standard","meta":{"footnotes":""},"categories":[38,30],"tags":[],"class_list":["post-22312","post","type-post","status-publish","format-standard","has-post-thumbnail","hentry","category-deportes","category-destacado"],"_links":{"self":[{"href":"https:\/\/elinformante.mx\/index.php?rest_route=\/wp\/v2\/posts\/22312","targetHints":{"allow":["GET"]}}],"collection":[{"href":"https:\/\/elinformante.mx\/index.php?rest_route=\/wp\/v2\/posts"}],"about":[{"href":"https:\/\/elinformante.mx\/index.php?rest_route=\/wp\/v2\/types\/post"}],"author":[{"embeddable":true,"href":"https:\/\/elinformante.mx\/index.php?rest_route=\/wp\/v2\/users\/1"}],"replies":[{"embeddable":true,"href":"https:\/\/elinformante.mx\/index.php?rest_route=%2Fwp%2Fv2%2Fcomments&post=22312"}],"version-history":[{"count":0,"href":"https:\/\/elinformante.mx\/index.php?rest_route=\/wp\/v2\/posts\/22312\/revisions"}],"wp:featuredmedia":[{"embeddable":true,"href":"https:\/\/elinformante.mx\/index.php?rest_route=\/wp\/v2\/media\/22313"}],"wp:attachment":[{"href":"https:\/\/elinformante.mx\/index.php?rest_route=%2Fwp%2Fv2%2Fmedia&parent=22312"}],"wp:term":[{"taxonomy":"category","embeddable":true,"href":"https:\/\/elinformante.mx\/index.php?rest_route=%2Fwp%2Fv2%2Fcategories&post=22312"},{"taxonomy":"post_tag","embeddable":true,"href":"https:\/\/elinformante.mx\/index.php?rest_route=%2Fwp%2Fv2%2Ftags&post=22312"}],"curies":[{"name":"wp","href":"https:\/\/api.w.org\/{rel}","templated":true}]}}