{"id":22725,"date":"2023-03-23T13:03:38","date_gmt":"2023-03-23T13:03:38","guid":{"rendered":"https:\/\/elinformante.mx\/?p=22725"},"modified":"2023-03-23T13:03:39","modified_gmt":"2023-03-23T13:03:39","slug":"se-solidariza-delfina-gomez-con-las-y-los-maestros-del-edomex-por-denuncia-de-presiones-politicas","status":"publish","type":"post","link":"https:\/\/elinformante.mx\/?p=22725","title":{"rendered":"Se solidariza Delfina G\u00f3mez con las y los maestros del Edom\u00e9x por denuncia de presiones pol\u00edticas"},"content":{"rendered":"\n<blockquote class=\"wp-block-quote is-layout-flow wp-block-quote-is-layout-flow\">\n<p>Los maestros y maestras deben de ejercer su profesi\u00f3n sin ninguna presi\u00f3n pol\u00edtica.<\/p>\n<\/blockquote>\n\n\n\n<p>La maestra Delfina G\u00f3mez \u00c1lvarez se solidariza con las y los maestros de las secciones 17 y 36 del Sindicato Nacional de Trabajadores de la Educaci\u00f3n en el Estado de M\u00e9xico, luego de denunciar ante la opini\u00f3n publica presiones pol\u00edticas originadas en la Secretaria de Educaci\u00f3n de la entidad para ejercer su labor.<br><\/p>\n\n\n\n<p>\u201cLas y los maestros deben ejercer su misi\u00f3n sin presiones pol\u00edticas de ninguna instancia. Toda mi solidaridad a las secciones XVII y XXXVI en el Estado de M\u00e9xico del SNTE Nacional\u201d, publico\u0301 la exsecretaria de Educaci\u00f3n P\u00fablica en sus redes sociales.<br><\/p>\n\n\n\n<figure class=\"wp-block-image size-large\"><img fetchpriority=\"high\" decoding=\"async\" width=\"1024\" height=\"503\" src=\"https:\/\/elinformante.mx\/wp-content\/uploads\/2023\/03\/se-solidariza-1024x503.jpg\" alt=\"\" class=\"wp-image-22727\" srcset=\"https:\/\/elinformante.mx\/wp-content\/uploads\/2023\/03\/se-solidariza-1024x503.jpg 1024w, https:\/\/elinformante.mx\/wp-content\/uploads\/2023\/03\/se-solidariza-300x147.jpg 300w, https:\/\/elinformante.mx\/wp-content\/uploads\/2023\/03\/se-solidariza-768x377.jpg 768w, https:\/\/elinformante.mx\/wp-content\/uploads\/2023\/03\/se-solidariza-580x285.jpg 580w, https:\/\/elinformante.mx\/wp-content\/uploads\/2023\/03\/se-solidariza-860x422.jpg 860w, https:\/\/elinformante.mx\/wp-content\/uploads\/2023\/03\/se-solidariza.jpg 1140w\" sizes=\"(max-width: 1024px) 100vw, 1024px\" \/><\/figure>\n\n\n\n<p>En un pronunciamiento difundido en redes sociales, el cual fue suscrito por Rigoberto Vargas Cervantes y Eliud Terrazas Ceballos, secretarios de las secciones 17 y 36 del SNTE, se\u00f1alan que las autoridades estatales han optado por la imposici\u00f3n de nuevas personas afines a partidos pol\u00edticos, en las direcciones de educaci\u00f3n y jefaturas de departamento, con el fin de \u201cintimidar y condicionar pol\u00edticamente a los trabajadores de la educaci\u00f3n federalizados, adem\u00e1s de poner en riesgo la estabilidad del sector educativo, dejando de lado el derecho supremo de las ni\u00f1as y ni\u00f1os y j\u00f3venes a recibir educaci\u00f3n\u201d.<br><\/p>\n\n\n\n<p>Al respecto, la maestra Delfina G\u00f3mez, quien tambi\u00e9n es exsenadora y ex diputada federal por el Estado de M\u00e9xico, mostro\u0301 su preocupaci\u00f3n y se pronunci\u00f3 a favor del respeto a las libertades pol\u00edticas de todas y todos, como un principio y record\u00f3 que la libertad pol\u00edtica es un derecho humano y forma parte de los pilares .de una verdadera transformaci\u00f3n.<\/p>\n\n\n\n<figure class=\"wp-block-image size-large\"><img decoding=\"async\" width=\"1024\" height=\"503\" src=\"https:\/\/elinformante.mx\/wp-content\/uploads\/2023\/03\/se-solidariza-4-1024x503.jpg\" alt=\"\" class=\"wp-image-22728\" srcset=\"https:\/\/elinformante.mx\/wp-content\/uploads\/2023\/03\/se-solidariza-4-1024x503.jpg 1024w, https:\/\/elinformante.mx\/wp-content\/uploads\/2023\/03\/se-solidariza-4-300x147.jpg 300w, https:\/\/elinformante.mx\/wp-content\/uploads\/2023\/03\/se-solidariza-4-768x377.jpg 768w, https:\/\/elinformante.mx\/wp-content\/uploads\/2023\/03\/se-solidariza-4-580x285.jpg 580w, https:\/\/elinformante.mx\/wp-content\/uploads\/2023\/03\/se-solidariza-4-860x422.jpg 860w, https:\/\/elinformante.mx\/wp-content\/uploads\/2023\/03\/se-solidariza-4.jpg 1140w\" sizes=\"(max-width: 1024px) 100vw, 1024px\" \/><\/figure>\n","protected":false},"excerpt":{"rendered":"<p>Los maestros y maestras deben de ejercer su profesi\u00f3n sin ninguna presi\u00f3n pol\u00edtica. La maestra Delfina G\u00f3mez \u00c1lvarez se solidariza con las y los maestros de las secciones 17 y 36 del Sindicato Nacional de Trabajadores de la Educaci\u00f3n en el Estado de M\u00e9xico, luego de denunciar ante la opini\u00f3n publica presiones pol\u00edticas originadas en [&hellip;]<\/p>\n","protected":false},"author":1,"featured_media":22726,"comment_status":"closed","ping_status":"closed","sticky":false,"template":"","format":"standard","meta":{"footnotes":""},"categories":[30,36],"tags":[],"class_list":["post-22725","post","type-post","status-publish","format-standard","has-post-thumbnail","hentry","category-destacado","category-edomex"],"_links":{"self":[{"href":"https:\/\/elinformante.mx\/index.php?rest_route=\/wp\/v2\/posts\/22725","targetHints":{"allow":["GET"]}}],"collection":[{"href":"https:\/\/elinformante.mx\/index.php?rest_route=\/wp\/v2\/posts"}],"about":[{"href":"https:\/\/elinformante.mx\/index.php?rest_route=\/wp\/v2\/types\/post"}],"author":[{"embeddable":true,"href":"https:\/\/elinformante.mx\/index.php?rest_route=\/wp\/v2\/users\/1"}],"replies":[{"embeddable":true,"href":"https:\/\/elinformante.mx\/index.php?rest_route=%2Fwp%2Fv2%2Fcomments&post=22725"}],"version-history":[{"count":0,"href":"https:\/\/elinformante.mx\/index.php?rest_route=\/wp\/v2\/posts\/22725\/revisions"}],"wp:featuredmedia":[{"embeddable":true,"href":"https:\/\/elinformante.mx\/index.php?rest_route=\/wp\/v2\/media\/22726"}],"wp:attachment":[{"href":"https:\/\/elinformante.mx\/index.php?rest_route=%2Fwp%2Fv2%2Fmedia&parent=22725"}],"wp:term":[{"taxonomy":"category","embeddable":true,"href":"https:\/\/elinformante.mx\/index.php?rest_route=%2Fwp%2Fv2%2Fcategories&post=22725"},{"taxonomy":"post_tag","embeddable":true,"href":"https:\/\/elinformante.mx\/index.php?rest_route=%2Fwp%2Fv2%2Ftags&post=22725"}],"curies":[{"name":"wp","href":"https:\/\/api.w.org\/{rel}","templated":true}]}}