{"id":22730,"date":"2023-03-23T13:06:29","date_gmt":"2023-03-23T13:06:29","guid":{"rendered":"https:\/\/elinformante.mx\/?p=22730"},"modified":"2023-03-23T13:06:30","modified_gmt":"2023-03-23T13:06:30","slug":"busca-ieem-sensibilizacion-para-erradicar-violencia-politica-en-razon-de-genero","status":"publish","type":"post","link":"https:\/\/elinformante.mx\/?p=22730","title":{"rendered":"Busca IEEM sensibilizaci\u00f3n para erradicar violencia pol\u00edtica en raz\u00f3n de g\u00e9nero"},"content":{"rendered":"\n<p>Ante un escenario social donde la violencia pol\u00edtica es una constante, se hace necesario fortalecer pr\u00e1cticas de sensibilizaci\u00f3n y capacitaci\u00f3n, a fin de identificar actos u omisiones que perjudiquen el acceso de las mujeres a espacios de participaci\u00f3n ciudadana, afirm\u00f3 Laura Liselotte Correa de la Torre, titular de la Unidad T\u00e9cnica de Igualdad de G\u00e9nero y No Discriminaci\u00f3n del Instituto Nacional Electoral (INE), al participar en el programa Detr\u00e1s de tu voto del Instituto Electoral del Estado de M\u00e9xico (IEEM).<br><\/p>\n\n\n\n<p>En entrevista con el periodista Mario Cuauht\u00e9moc Rodr\u00edguez, Correa de la Torre coment\u00f3 que para avanzar en la erradicaci\u00f3n de la violencia pol\u00edtica la identificaci\u00f3n es fundamental, y ello se logra v\u00eda la ubicaci\u00f3n de estereotipos, prejuicios, actos de discriminaci\u00f3n o cualquier conducta que atente contra los derechos pol\u00edtico electorales de las mujeres.<br><\/p>\n\n\n\n<p>La funcionaria electoral a\u00f1adi\u00f3 que, una vez detectada la violencia y la forma en que se ejerce, lo siguiente es denunciar, pero tambi\u00e9n brindar atenci\u00f3n de primer contacto a la o las v\u00edctimas.<br><\/p>\n\n\n\n<p>Adem\u00e1s, es necesario elaborar un an\u00e1lisis de riesgo que permita detectar las necesidades espec\u00edficas de cada caso, as\u00ed como emitir las medidas de protecci\u00f3n requeridas para salvaguardar la integridad de las denunciantes y, de ser el caso, preservar su vida.<br><\/p>\n\n\n\n<p>Correa de la Torre record\u00f3 que la violencia pol\u00edtica en raz\u00f3n de g\u00e9nero, es toda acci\u00f3n u omisi\u00f3n que se dirige a las mujeres y que anula o menoscaba sus derechos pol\u00edtico electorales, incluso en el ejercicio de su cargo.<br><\/p>\n\n\n\n<p>Resalt\u00f3 que desde el INE se impulsan diversas acciones para hacer frente a este fen\u00f3meno, tales como el Protocolo para la atenci\u00f3n de la violencia pol\u00edtica contra las mujeres en raz\u00f3n de g\u00e9nero que sirve de gu\u00eda para las autoridades en la atenci\u00f3n de esta modalidad de la violencia y tambi\u00e9n para orientar a las mujeres v\u00edctimas de violencia pol\u00edtica en raz\u00f3n de g\u00e9nero, en el \u00e1mbito federal y local, acerca de lo qu\u00e9 es y respecto de las autoridades a las que pueden acudir para ser atendidas.<br><\/p>\n\n\n\n<p>Correa de la Torre se\u00f1al\u00f3 que existe normativa diversa para la protecci\u00f3n de las v\u00edctimas entre las que destacan la Ley General de Acceso a las Mujeres a una Vida Libre de Violencia; la Ley General de Instituciones y Procedimientos Electorales; la Ley General de Partidos Pol\u00edticos y otros ordenamientos que obligan a los involucrados a garantizar los derechos y a implementar acciones para prevenir, atender, sancionar, reparar y avanzar hacia la erradicaci\u00f3n de esta violencia, apunt\u00f3 Correa de la Torre.<br><\/p>\n\n\n\n<p>Reiter\u00f3 que la violencia no se detendr\u00e1 y que las instituciones est\u00e1n obligadas a iniciar procesos internos para evitar que estas pr\u00e1cticas contin\u00faen.<\/p>\n","protected":false},"excerpt":{"rendered":"<p>Ante un escenario social donde la violencia pol\u00edtica es una constante, se hace necesario fortalecer pr\u00e1cticas de sensibilizaci\u00f3n y capacitaci\u00f3n, a fin de identificar actos u omisiones que perjudiquen el acceso de las mujeres a espacios de participaci\u00f3n ciudadana, afirm\u00f3 Laura Liselotte Correa de la Torre, titular de la Unidad T\u00e9cnica de Igualdad de G\u00e9nero [&hellip;]<\/p>\n","protected":false},"author":1,"featured_media":22731,"comment_status":"closed","ping_status":"closed","sticky":false,"template":"","format":"standard","meta":{"footnotes":""},"categories":[30,31],"tags":[],"class_list":["post-22730","post","type-post","status-publish","format-standard","has-post-thumbnail","hentry","category-destacado","category-portada"],"_links":{"self":[{"href":"https:\/\/elinformante.mx\/index.php?rest_route=\/wp\/v2\/posts\/22730","targetHints":{"allow":["GET"]}}],"collection":[{"href":"https:\/\/elinformante.mx\/index.php?rest_route=\/wp\/v2\/posts"}],"about":[{"href":"https:\/\/elinformante.mx\/index.php?rest_route=\/wp\/v2\/types\/post"}],"author":[{"embeddable":true,"href":"https:\/\/elinformante.mx\/index.php?rest_route=\/wp\/v2\/users\/1"}],"replies":[{"embeddable":true,"href":"https:\/\/elinformante.mx\/index.php?rest_route=%2Fwp%2Fv2%2Fcomments&post=22730"}],"version-history":[{"count":0,"href":"https:\/\/elinformante.mx\/index.php?rest_route=\/wp\/v2\/posts\/22730\/revisions"}],"wp:featuredmedia":[{"embeddable":true,"href":"https:\/\/elinformante.mx\/index.php?rest_route=\/wp\/v2\/media\/22731"}],"wp:attachment":[{"href":"https:\/\/elinformante.mx\/index.php?rest_route=%2Fwp%2Fv2%2Fmedia&parent=22730"}],"wp:term":[{"taxonomy":"category","embeddable":true,"href":"https:\/\/elinformante.mx\/index.php?rest_route=%2Fwp%2Fv2%2Fcategories&post=22730"},{"taxonomy":"post_tag","embeddable":true,"href":"https:\/\/elinformante.mx\/index.php?rest_route=%2Fwp%2Fv2%2Ftags&post=22730"}],"curies":[{"name":"wp","href":"https:\/\/api.w.org\/{rel}","templated":true}]}}