{"id":22738,"date":"2023-03-23T13:12:41","date_gmt":"2023-03-23T13:12:41","guid":{"rendered":"https:\/\/elinformante.mx\/?p=22738"},"modified":"2023-03-23T13:14:04","modified_gmt":"2023-03-23T13:14:04","slug":"no-aguanto-osorio-chong-la-presion-de-alito-renuncia-a-la-bancada-del-pri","status":"publish","type":"post","link":"https:\/\/elinformante.mx\/?p=22738","title":{"rendered":"NO AGUANT\u00d3 OSORIO CHONG LA PRESI\u00d3N DE ALITO; RENUNCIA A LA BANCADA DEL PRI"},"content":{"rendered":"\n<blockquote class=\"wp-block-quote is-layout-flow wp-block-quote-is-layout-flow\">\n<p>Osorio Chong dijo estar satisfecho con su trabajo como coordinador de senadores del PRI, pero tambi\u00e9n estar preocupado porque \u201cAlito\u2019 Moreno va a traicionar, mentir y fallar al partido.<\/p>\n<\/blockquote>\n\n\n\n<p>Miguel \u00c1ngel Osorio Chong, senador del PRI, dej\u00f3 la coordinaci\u00f3n parlamentaria del partido la tarde de este mi\u00e9rcoles 22 de marzo, luego de que legisladores del partido solicitaran una reuni\u00f3n extraordinaria para buscar su remoci\u00f3n.<br><\/p>\n\n\n\n<p>En conferencia de prensa, el excsecretario de Gobernaci\u00f3n del gobierno de Enrique Pe\u00f1a Nieto, dijo que no se va a ir del Senado y que va a seguir trabajando, ya que no dar\u00e1 el gusto a la dirigencia del PRI de abandonar el partido.<br><\/p>\n\n\n\n<p>Osorio Chong se\u00f1al\u00f3 al l\u00edder nacional del PRI, Alejandro \u2018Alito\u2019 Moreno, como responsable de la maniobra con la que se logr\u00f3 su destituci\u00f3n, y dijo que aunque no ten\u00eda nada contra los senadores priistas por la decisi\u00f3n, si estaba seguro que el exgobernador de Campeche estaba detr\u00e1s de la decisi\u00f3n.<br><\/p>\n\n\n\n<p>\u201cEncontramos las maniobras de Alejandro Moreno, que utilizando a Manuel A\u00f1orve y Alejandro Zamora generaron presiones a compa\u00f1eras y compa\u00f1eros\u2026 buscaron arrebatar la coordinaci\u00f3n del grupo parlamentario. Y tiene su raz\u00f3n, que es que Moreno busca quedarse en el partido mucho tiempo m\u00e1s\u201d, dijo Osorio Chong en referencia a la negativa del Instituto Nacional Electoral (INE) para evitar que \u2018Alito\u2019 extendiera su liderazgo en el PRI.<br><\/p>\n\n\n\n<p>Adem\u00e1s, dijo que eran claros los acuerdos de \u2018Alito\u2019 Moreno con el grupo parlamentario de Morena en diferentes ocasiones.<br><\/p>\n\n\n\n<p>\u201cYo soy la voz de millones de priistas enojados con este personaje que le ha hecho tanto da\u00f1o al partido, que ha perdido todas las elecciones, que no ha dado respuesta y que lo \u00fanico que ha hecho es presionar para quedarse con todas las facultades de la dirigencia\u201d, abund\u00f3.<br><\/p>\n\n\n\n<p>Record\u00f3 que cuando los expresidentes del PRI lo confrontaron, \u2018Alito\u2019 Moreno prometi\u00f3 que se iba a ir en 2023, y que \u00e9l aseguraba que ment\u00eda. Ahora, medio a\u00f1o m\u00e1s tarde y tras la negativa de extensi\u00f3n de su periodo como l\u00edder nacional, se\u00f1al\u00f3 que este es un esfuerzo para quedarse hasta 2024.<br><\/p>\n\n\n\n<figure class=\"wp-block-image size-large\"><img fetchpriority=\"high\" decoding=\"async\" width=\"1024\" height=\"503\" src=\"https:\/\/elinformante.mx\/wp-content\/uploads\/2023\/03\/corren-4-1024x503.jpg\" alt=\"\" class=\"wp-image-22740\" srcset=\"https:\/\/elinformante.mx\/wp-content\/uploads\/2023\/03\/corren-4-1024x503.jpg 1024w, https:\/\/elinformante.mx\/wp-content\/uploads\/2023\/03\/corren-4-300x147.jpg 300w, https:\/\/elinformante.mx\/wp-content\/uploads\/2023\/03\/corren-4-768x377.jpg 768w, https:\/\/elinformante.mx\/wp-content\/uploads\/2023\/03\/corren-4-580x285.jpg 580w, https:\/\/elinformante.mx\/wp-content\/uploads\/2023\/03\/corren-4-860x422.jpg 860w, https:\/\/elinformante.mx\/wp-content\/uploads\/2023\/03\/corren-4.jpg 1140w\" sizes=\"(max-width: 1024px) 100vw, 1024px\" \/><\/figure>\n\n\n\n<p>Osorio Chong insisti\u00f3 que el cambio de coordinaci\u00f3n de senadores es ilegal, y que le daba pena que los legisladores se prestaran a las artima\u00f1as de \u2018Alito\u2019 Moreno.<br><\/p>\n\n\n\n<p>\u201cVoy a seuir con las impugnaciones, tengo derechos en el PRI, les encantar\u00eda que renunciara\u2026 No les puedo dar ese gusto, voy a llegar a las \u00faltimas consecuencias\u201d, enfatiz\u00f3, aunque aclar\u00f3 que se deslind\u00f3 del grupo parlamentario este mi\u00e9rcoles.<br><\/p>\n\n\n\n<p>Miguel \u00c1ngel Osorio Chong pidi\u00f3 a la militancia priista que no deje de luchar en las elecciones del Estado de M\u00e9xico y Coahuila; sin embargo, las decisiones tomadas por \u2018Alito\u2019 Moreno no son optimistas, ya que \u201cefectivamente no les import\u00f3 nada que est\u00e1 en curso el proceso electoral\u201d.<br><\/p>\n\n\n\n<p>\u201cEra m\u00e1s la ambici\u00f3n pol\u00edtica y sus ganas de revancha pol\u00edtica que la convicci\u00f3n de hacer las cosas bien para que nos vaya bien en las elecciones. Yo le digo a los priistas de esos estados que sigan adelante. El que divide es Alejandro Moreno, y ojal\u00e1 no vaya, porque \u00e9l es el que llam\u00f3 a la divisi\u00f3n\u201d, asegur\u00f3.<br><\/p>\n\n\n\n<p>Dijo que \u2018Alito\u2019 Moreno \u201cles va a fallar, va a traicionar, miente, miente y miente\u201d.<br><\/p>\n\n\n\n<p>Casi una hora despu\u00e9s, el nuevo coordinador de los senadores del PRI, Manuel A\u00f1orve, anunci\u00f3 que fue electo con unanimidad de 8 legisladores presentes de 12 que acudieron, m\u00e1s el apoyo de Carlos Aceves, ausente, para el total de 13 que tiene su bancada.<br><\/p>\n\n\n\n<p>\u201cMi elecci\u00f3n fue legal\u201d, sostuvo A\u00f1orve. No dio alguna raz\u00f3n concreta para el relevo de Osorio, \u201cse cumpli\u00f3 un ciclo\u201d.<\/p>\n","protected":false},"excerpt":{"rendered":"<p>Osorio Chong dijo estar satisfecho con su trabajo como coordinador de senadores del PRI, pero tambi\u00e9n estar preocupado porque \u201cAlito\u2019 Moreno va a traicionar, mentir y fallar al partido. Miguel \u00c1ngel Osorio Chong, senador del PRI, dej\u00f3 la coordinaci\u00f3n parlamentaria del partido la tarde de este mi\u00e9rcoles 22 de marzo, luego de que legisladores del [&hellip;]<\/p>\n","protected":false},"author":1,"featured_media":22739,"comment_status":"closed","ping_status":"closed","sticky":false,"template":"","format":"standard","meta":{"footnotes":""},"categories":[30,31],"tags":[],"class_list":["post-22738","post","type-post","status-publish","format-standard","has-post-thumbnail","hentry","category-destacado","category-portada"],"_links":{"self":[{"href":"https:\/\/elinformante.mx\/index.php?rest_route=\/wp\/v2\/posts\/22738","targetHints":{"allow":["GET"]}}],"collection":[{"href":"https:\/\/elinformante.mx\/index.php?rest_route=\/wp\/v2\/posts"}],"about":[{"href":"https:\/\/elinformante.mx\/index.php?rest_route=\/wp\/v2\/types\/post"}],"author":[{"embeddable":true,"href":"https:\/\/elinformante.mx\/index.php?rest_route=\/wp\/v2\/users\/1"}],"replies":[{"embeddable":true,"href":"https:\/\/elinformante.mx\/index.php?rest_route=%2Fwp%2Fv2%2Fcomments&post=22738"}],"version-history":[{"count":0,"href":"https:\/\/elinformante.mx\/index.php?rest_route=\/wp\/v2\/posts\/22738\/revisions"}],"wp:featuredmedia":[{"embeddable":true,"href":"https:\/\/elinformante.mx\/index.php?rest_route=\/wp\/v2\/media\/22739"}],"wp:attachment":[{"href":"https:\/\/elinformante.mx\/index.php?rest_route=%2Fwp%2Fv2%2Fmedia&parent=22738"}],"wp:term":[{"taxonomy":"category","embeddable":true,"href":"https:\/\/elinformante.mx\/index.php?rest_route=%2Fwp%2Fv2%2Fcategories&post=22738"},{"taxonomy":"post_tag","embeddable":true,"href":"https:\/\/elinformante.mx\/index.php?rest_route=%2Fwp%2Fv2%2Ftags&post=22738"}],"curies":[{"name":"wp","href":"https:\/\/api.w.org\/{rel}","templated":true}]}}