{"id":22743,"date":"2023-03-23T13:20:34","date_gmt":"2023-03-23T13:20:34","guid":{"rendered":"https:\/\/elinformante.mx\/?p=22743"},"modified":"2023-03-23T13:20:35","modified_gmt":"2023-03-23T13:20:35","slug":"liga-arabe-es-muy-competitiva-cristiano-ronaldo","status":"publish","type":"post","link":"https:\/\/elinformante.mx\/?p=22743","title":{"rendered":"\u201cLiga \u00e1rabe es muy competitiva\u201d: Cristiano Ronaldo"},"content":{"rendered":"\n<blockquote class=\"wp-block-quote is-layout-flow wp-block-quote-is-layout-flow\">\n<p>El astro portugu\u00e9s Cristiano Ronaldo, regres\u00f3 a la selecci\u00f3n de Portugal y afirm\u00f3 que juega en una liga competitiva<\/p>\n<\/blockquote>\n\n\n\n<p>El delantero portugu\u00e9s Cristiano Ronaldo se mostr\u00f3 contento de seguir ligado a su selecci\u00f3n, donde a\u00fan tiene mucho que dar, en la primera lista de Roberto Mart\u00ednez como seleccionador, al tiempo reflexion\u00f3 sobre su reciente marcha a la Liga de Arabia Saudita.<br><\/p>\n\n\n\n<p>Cristiano compareci\u00f3 en rueda de prensa antes del duelo de este jueves en el Estadio Jos\u00e9 Alvalade ante Liechtenstein, inicio de la fase de clasificaci\u00f3n para la Eurocopa 2024. El cambio en el banquillo luso, con la llegada del espa\u00f1ol Roberto Mart\u00ednez, mantuvo la apuesta en un CR7 que termin\u00f3 el Mundial de Qatar con un rol de suplente que parec\u00eda indicar su final internacional.<br><\/p>\n\n\n\n<figure class=\"wp-block-image size-large\"><img fetchpriority=\"high\" decoding=\"async\" width=\"1024\" height=\"503\" src=\"https:\/\/elinformante.mx\/wp-content\/uploads\/2023\/03\/liga-2-1024x503.jpg\" alt=\"\" class=\"wp-image-22745\" srcset=\"https:\/\/elinformante.mx\/wp-content\/uploads\/2023\/03\/liga-2-1024x503.jpg 1024w, https:\/\/elinformante.mx\/wp-content\/uploads\/2023\/03\/liga-2-300x147.jpg 300w, https:\/\/elinformante.mx\/wp-content\/uploads\/2023\/03\/liga-2-768x377.jpg 768w, https:\/\/elinformante.mx\/wp-content\/uploads\/2023\/03\/liga-2-580x285.jpg 580w, https:\/\/elinformante.mx\/wp-content\/uploads\/2023\/03\/liga-2-860x422.jpg 860w, https:\/\/elinformante.mx\/wp-content\/uploads\/2023\/03\/liga-2.jpg 1140w\" sizes=\"(max-width: 1024px) 100vw, 1024px\" \/><\/figure>\n\n\n\n<p>\u201cNo les voy a mentir. En nuestra vida tenemos que poner todo en la balanza. Pensamos, reflexionamos, yo y mi familia. Vi las cosas de distinta perspectiva. Estoy feliz de estar de vuelta. El entrenador demostr\u00f3 que contaba conmigo. Siempre quise jugar y logr\u00e9 darme cuenta de que tengo mucho que dar a la selecci\u00f3n. Siento eso, quiero eso y mi deseo es llevar a Portugal al m\u00e1s alto nivel\u201d, dijo.<br><\/p>\n\n\n\n<p>Cristiano, que celebr\u00f3 un cambio \u201cque necesitaba\u201d Portugal, fue confirmado por Roberto Mart\u00ednez, en la misma rueda de prensa, como primer capit\u00e1n de la selecci\u00f3n. Adem\u00e1s, el jugador del Al-Nassr se mostr\u00f3 tranquilo con la competencia con Gon\u00e7alo Ramos y no quiso remover su pol\u00e9mica salida del Manchester United.<\/p>\n","protected":false},"excerpt":{"rendered":"<p>El astro portugu\u00e9s Cristiano Ronaldo, regres\u00f3 a la selecci\u00f3n de Portugal y afirm\u00f3 que juega en una liga competitiva El delantero portugu\u00e9s Cristiano Ronaldo se mostr\u00f3 contento de seguir ligado a su selecci\u00f3n, donde a\u00fan tiene mucho que dar, en la primera lista de Roberto Mart\u00ednez como seleccionador, al tiempo reflexion\u00f3 sobre su reciente marcha [&hellip;]<\/p>\n","protected":false},"author":1,"featured_media":22744,"comment_status":"closed","ping_status":"closed","sticky":false,"template":"","format":"standard","meta":{"footnotes":""},"categories":[38,30],"tags":[],"class_list":["post-22743","post","type-post","status-publish","format-standard","has-post-thumbnail","hentry","category-deportes","category-destacado"],"_links":{"self":[{"href":"https:\/\/elinformante.mx\/index.php?rest_route=\/wp\/v2\/posts\/22743","targetHints":{"allow":["GET"]}}],"collection":[{"href":"https:\/\/elinformante.mx\/index.php?rest_route=\/wp\/v2\/posts"}],"about":[{"href":"https:\/\/elinformante.mx\/index.php?rest_route=\/wp\/v2\/types\/post"}],"author":[{"embeddable":true,"href":"https:\/\/elinformante.mx\/index.php?rest_route=\/wp\/v2\/users\/1"}],"replies":[{"embeddable":true,"href":"https:\/\/elinformante.mx\/index.php?rest_route=%2Fwp%2Fv2%2Fcomments&post=22743"}],"version-history":[{"count":0,"href":"https:\/\/elinformante.mx\/index.php?rest_route=\/wp\/v2\/posts\/22743\/revisions"}],"wp:featuredmedia":[{"embeddable":true,"href":"https:\/\/elinformante.mx\/index.php?rest_route=\/wp\/v2\/media\/22744"}],"wp:attachment":[{"href":"https:\/\/elinformante.mx\/index.php?rest_route=%2Fwp%2Fv2%2Fmedia&parent=22743"}],"wp:term":[{"taxonomy":"category","embeddable":true,"href":"https:\/\/elinformante.mx\/index.php?rest_route=%2Fwp%2Fv2%2Fcategories&post=22743"},{"taxonomy":"post_tag","embeddable":true,"href":"https:\/\/elinformante.mx\/index.php?rest_route=%2Fwp%2Fv2%2Ftags&post=22743"}],"curies":[{"name":"wp","href":"https:\/\/api.w.org\/{rel}","templated":true}]}}