{"id":22747,"date":"2023-03-23T13:24:16","date_gmt":"2023-03-23T13:24:16","guid":{"rendered":"https:\/\/elinformante.mx\/?p=22747"},"modified":"2023-03-23T13:24:17","modified_gmt":"2023-03-23T13:24:17","slug":"no-existe-violacion-de-derechos-humanos-sheinbaum","status":"publish","type":"post","link":"https:\/\/elinformante.mx\/?p=22747","title":{"rendered":"No existe violaci\u00f3n de Derechos Humanos: Sheinbaum"},"content":{"rendered":"\n<blockquote class=\"wp-block-quote is-layout-flow wp-block-quote-is-layout-flow\">\n<p>Dice la jefa de gobierno que se queda mejor con las palabras de John Kerry, quien le reconoci\u00f3 a AMLO su cercan\u00eda con el pueblo<\/p>\n<\/blockquote>\n\n\n\n<p>Es falso la acusaci\u00f3n de que en M\u00e9xico haya \u201cviolaci\u00f3n de derechos humanos\u201d, afirm\u00f3 la jefa de Gobierno, Claudia Sheinbaum.<br><\/p>\n\n\n\n<p>El Departamento de Estado dio a conocer su informe de Derechos Humanos 2022, en el que lament\u00f3 que, en el caso de M\u00e9xico, \u201cla impunidad y los \u00edndices extremadamente bajos de procesamiento siguen siendo un problema para todos los delitos, incluidos los abusos contra los derechos humanos y la corrupci\u00f3n\u201d.<br><\/p>\n\n\n\n<p>Al respecto, la mandataria capitalina apunt\u00f3 que se queda las palabras de John Kerry, el enviado especial de la Casa Blanca para el cambio clim\u00e1tico, hacia el Presidente L\u00f3pez Obrador emitidas este martes, donde reconoci\u00f3 \u201csu cercan\u00eda con el pueblo y la transformaci\u00f3n en M\u00e9xico, porque es la postura del presidente Joe Biden\u201d.<br><\/p>\n\n\n\n<p>Previo a la reuni\u00f3n de la Conferencia Nacional de Gobernadores (Conago) que se realiza hoy en Oaxaca, la mandataria capitalina fue cuestionada por la prensa sobre su opini\u00f3n de la reuni\u00f3n del Presidente AMLO y John Kerry y la relaci\u00f3n M\u00e9xico-Estados Unidos.<br><\/p>\n\n\n\n<p>\u201cEs lo que decimos, por un lado, no puede ser que haya esta comunicaci\u00f3n por parte del Departamento de Estado acusando de violaci\u00f3n de derechos humanos cuando es falsa; y, por otro lado, las palabras de John Kerry hacia el Presidente que fueron inigualables, al reconocerle su cercan\u00eda con el pueblo y la transformaci\u00f3n en M\u00e9xico. Con esa nos quedamos, con la \u00faltima, porque sabemos que es la del Presidente Joe Biden\u201d, puntualiz\u00f3.<\/p>\n","protected":false},"excerpt":{"rendered":"<p>Dice la jefa de gobierno que se queda mejor con las palabras de John Kerry, quien le reconoci\u00f3 a AMLO su cercan\u00eda con el pueblo Es falso la acusaci\u00f3n de que en M\u00e9xico haya \u201cviolaci\u00f3n de derechos humanos\u201d, afirm\u00f3 la jefa de Gobierno, Claudia Sheinbaum. El Departamento de Estado dio a conocer su informe de [&hellip;]<\/p>\n","protected":false},"author":1,"featured_media":22748,"comment_status":"closed","ping_status":"closed","sticky":false,"template":"","format":"standard","meta":{"footnotes":""},"categories":[35,30],"tags":[],"class_list":["post-22747","post","type-post","status-publish","format-standard","has-post-thumbnail","hentry","category-cdmx","category-destacado"],"_links":{"self":[{"href":"https:\/\/elinformante.mx\/index.php?rest_route=\/wp\/v2\/posts\/22747","targetHints":{"allow":["GET"]}}],"collection":[{"href":"https:\/\/elinformante.mx\/index.php?rest_route=\/wp\/v2\/posts"}],"about":[{"href":"https:\/\/elinformante.mx\/index.php?rest_route=\/wp\/v2\/types\/post"}],"author":[{"embeddable":true,"href":"https:\/\/elinformante.mx\/index.php?rest_route=\/wp\/v2\/users\/1"}],"replies":[{"embeddable":true,"href":"https:\/\/elinformante.mx\/index.php?rest_route=%2Fwp%2Fv2%2Fcomments&post=22747"}],"version-history":[{"count":0,"href":"https:\/\/elinformante.mx\/index.php?rest_route=\/wp\/v2\/posts\/22747\/revisions"}],"wp:featuredmedia":[{"embeddable":true,"href":"https:\/\/elinformante.mx\/index.php?rest_route=\/wp\/v2\/media\/22748"}],"wp:attachment":[{"href":"https:\/\/elinformante.mx\/index.php?rest_route=%2Fwp%2Fv2%2Fmedia&parent=22747"}],"wp:term":[{"taxonomy":"category","embeddable":true,"href":"https:\/\/elinformante.mx\/index.php?rest_route=%2Fwp%2Fv2%2Fcategories&post=22747"},{"taxonomy":"post_tag","embeddable":true,"href":"https:\/\/elinformante.mx\/index.php?rest_route=%2Fwp%2Fv2%2Ftags&post=22747"}],"curies":[{"name":"wp","href":"https:\/\/api.w.org\/{rel}","templated":true}]}}