{"id":22756,"date":"2023-03-23T13:31:01","date_gmt":"2023-03-23T13:31:01","guid":{"rendered":"https:\/\/elinformante.mx\/?p=22756"},"modified":"2023-03-23T13:31:02","modified_gmt":"2023-03-23T13:31:02","slug":"repunta-en-queretaro-la-industria-de-la-construccion","status":"publish","type":"post","link":"https:\/\/elinformante.mx\/?p=22756","title":{"rendered":"Repunta en Quer\u00e9taro la industria de la construcci\u00f3n"},"content":{"rendered":"\n<blockquote class=\"wp-block-quote is-layout-flow wp-block-quote-is-layout-flow\">\n<p>Quer\u00e9taro se posicion\u00f3 como el s\u00e9ptimo estado con mayor crecimiento anual en el valor de producci\u00f3n generado por las empresas en la entidad, durante enero del 2023.<\/p>\n<\/blockquote>\n\n\n\n<p>El valor de producci\u00f3n en la industria de la construcci\u00f3n generado en Quer\u00e9taro report\u00f3 un crecimiento anual de 76.1% durante enero, reporta la Encuesta Nacional de Empresas Constructoras (ENEC), del Instituto Nacional de Estad\u00edstica y Geograf\u00eda (Inegi).<br><\/p>\n\n\n\n<p>Durante el primer mes del a\u00f1o, este sector report\u00f3 el valor m\u00e1s alto desde julio del 2019, antes de la pandemia de Covid-19.<br><\/p>\n\n\n\n<p>Con la variaci\u00f3n anual de enero, la entidad acumula cinco meses consecutivos con crecimiento a tasa anual en la industria de la construcci\u00f3n, de septiembre del 2022 a enero del 2023: 16.6%, 7.5%, 13.7%, 22.7% y 76.1 por ciento.<br><\/p>\n\n\n\n<p>El comportamiento de la industria en el inicio de a\u00f1o est\u00e1 influenciado por los proyectos de obra en el sector privado, que represent\u00f3 92.5% del valor total que las empresas constructoras generaron en enero; mientras que el sector p\u00fablico contribuy\u00f3 con 7.5 por ciento.<br><\/p>\n\n\n\n<p>En enero el sector privado creci\u00f3 anualmente 79.6%, variaci\u00f3n acorde con la tendencia general de la industria de la construcci\u00f3n.<br><\/p>\n\n\n\n<p>De esta manera, la obra privada en la entidad tambi\u00e9n hil\u00f3 cinco meses con crecimientos a tasa anual, de septiembre del a\u00f1o pasado a enero del a\u00f1o en curso: 29%, 4.3%, 14.9%, 37.1% y 79.6 por ciento.<br><\/p>\n\n\n\n<p>En tanto, la construcci\u00f3n en el sector p\u00fablico creci\u00f3 42.2% en enero del 2023, despu\u00e9s de los constantes altibajos que tuvo en 2022: en enero -71.5%, en febrero -63%, en marzo -38.4%, en abril -66.4%, en mayo -20%, en junio -55.1%, en julio- 18.1%, en agosto -22.6%, en septiembre -25.1%, en octubre 22.1%, en noviembre 8.8% y diciembre lo cerr\u00f3 con-33.5%, reporta la ENEC.<br><\/p>\n\n\n\n<p>De forma general, Quer\u00e9taro se posicion\u00f3 como el s\u00e9ptimo estado con mayor crecimiento anual en el valor de producci\u00f3n generado por las empresas en la entidad, durante enero del 2023.<br><\/p>\n\n\n\n<p>Con base en los resultados actuales de la ENEC, en en enero, 21 estados reportaron una variaci\u00f3n superior al promedio nacional que fue de 4.2 por ciento.<\/p>\n","protected":false},"excerpt":{"rendered":"<p>Quer\u00e9taro se posicion\u00f3 como el s\u00e9ptimo estado con mayor crecimiento anual en el valor de producci\u00f3n generado por las empresas en la entidad, durante enero del 2023. El valor de producci\u00f3n en la industria de la construcci\u00f3n generado en Quer\u00e9taro report\u00f3 un crecimiento anual de 76.1% durante enero, reporta la Encuesta Nacional de Empresas Constructoras [&hellip;]<\/p>\n","protected":false},"author":1,"featured_media":22757,"comment_status":"closed","ping_status":"closed","sticky":false,"template":"","format":"standard","meta":{"footnotes":""},"categories":[30,34],"tags":[],"class_list":["post-22756","post","type-post","status-publish","format-standard","has-post-thumbnail","hentry","category-destacado","category-nacional"],"_links":{"self":[{"href":"https:\/\/elinformante.mx\/index.php?rest_route=\/wp\/v2\/posts\/22756","targetHints":{"allow":["GET"]}}],"collection":[{"href":"https:\/\/elinformante.mx\/index.php?rest_route=\/wp\/v2\/posts"}],"about":[{"href":"https:\/\/elinformante.mx\/index.php?rest_route=\/wp\/v2\/types\/post"}],"author":[{"embeddable":true,"href":"https:\/\/elinformante.mx\/index.php?rest_route=\/wp\/v2\/users\/1"}],"replies":[{"embeddable":true,"href":"https:\/\/elinformante.mx\/index.php?rest_route=%2Fwp%2Fv2%2Fcomments&post=22756"}],"version-history":[{"count":0,"href":"https:\/\/elinformante.mx\/index.php?rest_route=\/wp\/v2\/posts\/22756\/revisions"}],"wp:featuredmedia":[{"embeddable":true,"href":"https:\/\/elinformante.mx\/index.php?rest_route=\/wp\/v2\/media\/22757"}],"wp:attachment":[{"href":"https:\/\/elinformante.mx\/index.php?rest_route=%2Fwp%2Fv2%2Fmedia&parent=22756"}],"wp:term":[{"taxonomy":"category","embeddable":true,"href":"https:\/\/elinformante.mx\/index.php?rest_route=%2Fwp%2Fv2%2Fcategories&post=22756"},{"taxonomy":"post_tag","embeddable":true,"href":"https:\/\/elinformante.mx\/index.php?rest_route=%2Fwp%2Fv2%2Ftags&post=22756"}],"curies":[{"name":"wp","href":"https:\/\/api.w.org\/{rel}","templated":true}]}}