{"id":22763,"date":"2023-03-23T13:45:01","date_gmt":"2023-03-23T13:45:01","guid":{"rendered":"https:\/\/elinformante.mx\/?p=22763"},"modified":"2023-03-23T13:45:02","modified_gmt":"2023-03-23T13:45:02","slug":"realizan-en-zinacantepec-festivales-para-conmemorar-el-inicio-de-la-primavera","status":"publish","type":"post","link":"https:\/\/elinformante.mx\/?p=22763","title":{"rendered":"Realizan en Zinacantepec festivales para conmemorar el inicio de la primavera"},"content":{"rendered":"\n<blockquote class=\"wp-block-quote is-layout-flow wp-block-quote-is-layout-flow\">\n<p>Durante su discurso, el alcalde agradeci\u00f3 a cada uno de los alumnos y maestros de la escuela por preservar las tradiciones de la regi\u00f3n, y los invit\u00f3 a seguir estudiando con ah\u00ednco e \u00edmpetu<\/p>\n<\/blockquote>\n\n\n\n<p>Como parte de los festejos por el Natalicio de Benito Ju\u00e1rez, el alcalde Manuel Vilchis Viveros asisti\u00f3 a la Escuela Primaria \u201cBenito Ju\u00e1rez\u201d en la colonia Ricardo Flores Mag\u00f3n para presenciar el Festival de Inicio de la Primavera.<br><\/p>\n\n\n\n<p>La ceremonia comenz\u00f3 con los honores a la bandera, durante los cuales el alcalde Vilchis Viveros abander\u00f3 a la escolta de la escuela. Posteriormente, los ni\u00f1os realizaron una serie de bailables t\u00edpicos con tem\u00e1tica de primavera.<br><\/p>\n\n\n\n<figure class=\"wp-block-image size-large\"><img fetchpriority=\"high\" decoding=\"async\" width=\"1024\" height=\"503\" src=\"https:\/\/elinformante.mx\/wp-content\/uploads\/2023\/03\/realizan-zin-2-1024x503.jpg\" alt=\"\" class=\"wp-image-22765\" srcset=\"https:\/\/elinformante.mx\/wp-content\/uploads\/2023\/03\/realizan-zin-2-1024x503.jpg 1024w, https:\/\/elinformante.mx\/wp-content\/uploads\/2023\/03\/realizan-zin-2-300x147.jpg 300w, https:\/\/elinformante.mx\/wp-content\/uploads\/2023\/03\/realizan-zin-2-768x377.jpg 768w, https:\/\/elinformante.mx\/wp-content\/uploads\/2023\/03\/realizan-zin-2-580x285.jpg 580w, https:\/\/elinformante.mx\/wp-content\/uploads\/2023\/03\/realizan-zin-2-860x422.jpg 860w, https:\/\/elinformante.mx\/wp-content\/uploads\/2023\/03\/realizan-zin-2.jpg 1140w\" sizes=\"(max-width: 1024px) 100vw, 1024px\" \/><\/figure>\n\n\n\n<p>Durante su discurso, el alcalde agradeci\u00f3 a cada uno de los alumnos y maestros de la escuela por preservar las tradiciones de la regi\u00f3n, y los invit\u00f3 a seguir estudiando con ah\u00ednco e \u00edmpetu. Asimismo, reafirm\u00f3 que su gobierno siempre estar\u00e1 al pendiente de las necesidades de cada uno de los peque\u00f1os que viven en Zinacantepec, pues considera que la educaci\u00f3n es fundamental para el desarrollo de la regi\u00f3n.<br><\/p>\n\n\n\n<p>Vilchis Viveros destac\u00f3 que su administraci\u00f3n siempre ha apostado por la educaci\u00f3n, siendo cercana e incluyente, y que seguir\u00e1 trabajando en estrecha colaboraci\u00f3n con la comunidad escolar para asegurarse de que los ni\u00f1os y j\u00f3venes de Zinacantepec tengan acceso a una educaci\u00f3n de calidad.<\/p>\n","protected":false},"excerpt":{"rendered":"<p>Durante su discurso, el alcalde agradeci\u00f3 a cada uno de los alumnos y maestros de la escuela por preservar las tradiciones de la regi\u00f3n, y los invit\u00f3 a seguir estudiando con ah\u00ednco e \u00edmpetu Como parte de los festejos por el Natalicio de Benito Ju\u00e1rez, el alcalde Manuel Vilchis Viveros asisti\u00f3 a la Escuela Primaria [&hellip;]<\/p>\n","protected":false},"author":1,"featured_media":22764,"comment_status":"closed","ping_status":"closed","sticky":false,"template":"","format":"standard","meta":{"footnotes":""},"categories":[30,36],"tags":[],"class_list":["post-22763","post","type-post","status-publish","format-standard","has-post-thumbnail","hentry","category-destacado","category-edomex"],"_links":{"self":[{"href":"https:\/\/elinformante.mx\/index.php?rest_route=\/wp\/v2\/posts\/22763","targetHints":{"allow":["GET"]}}],"collection":[{"href":"https:\/\/elinformante.mx\/index.php?rest_route=\/wp\/v2\/posts"}],"about":[{"href":"https:\/\/elinformante.mx\/index.php?rest_route=\/wp\/v2\/types\/post"}],"author":[{"embeddable":true,"href":"https:\/\/elinformante.mx\/index.php?rest_route=\/wp\/v2\/users\/1"}],"replies":[{"embeddable":true,"href":"https:\/\/elinformante.mx\/index.php?rest_route=%2Fwp%2Fv2%2Fcomments&post=22763"}],"version-history":[{"count":0,"href":"https:\/\/elinformante.mx\/index.php?rest_route=\/wp\/v2\/posts\/22763\/revisions"}],"wp:featuredmedia":[{"embeddable":true,"href":"https:\/\/elinformante.mx\/index.php?rest_route=\/wp\/v2\/media\/22764"}],"wp:attachment":[{"href":"https:\/\/elinformante.mx\/index.php?rest_route=%2Fwp%2Fv2%2Fmedia&parent=22763"}],"wp:term":[{"taxonomy":"category","embeddable":true,"href":"https:\/\/elinformante.mx\/index.php?rest_route=%2Fwp%2Fv2%2Fcategories&post=22763"},{"taxonomy":"post_tag","embeddable":true,"href":"https:\/\/elinformante.mx\/index.php?rest_route=%2Fwp%2Fv2%2Ftags&post=22763"}],"curies":[{"name":"wp","href":"https:\/\/api.w.org\/{rel}","templated":true}]}}