{"id":22767,"date":"2023-03-23T13:53:28","date_gmt":"2023-03-23T13:53:28","guid":{"rendered":"https:\/\/elinformante.mx\/?p=22767"},"modified":"2023-03-23T13:53:29","modified_gmt":"2023-03-23T13:53:29","slug":"da-fernando-flores-banderazo-para-rehabilitar-espacios-para-adultos-mayores","status":"publish","type":"post","link":"https:\/\/elinformante.mx\/?p=22767","title":{"rendered":"Da Fernando Flores banderazo para rehabilitar espacios para adultos mayores"},"content":{"rendered":"\n<blockquote class=\"wp-block-quote is-layout-flow wp-block-quote-is-layout-flow\">\n<p>El alcalde se comprometi\u00f3 a mejorar las condiciones de vida de este sector de la poblaci\u00f3n.<\/p>\n<\/blockquote>\n\n\n\n<p>El alcalde de Metepec, Fernando Flores, y su esposa, Irai Albarr\u00e1n, encabezaron el banderazo de inicio de la rehabilitaci\u00f3n de las casas de d\u00eda y los espacios destinados para adultos mayores en el municipio.<br><\/p>\n\n\n\n<p>Para Flores Fern\u00e1ndez, la experiencia y sabidur\u00eda de los adultos mayores son un recurso invaluable, y su consejo puede guiar a las generaciones m\u00e1s j\u00f3venes hacia un futuro pr\u00f3spero. Por ello, el alcalde se comprometi\u00f3 a mejorar las condiciones de vida de este sector de la poblaci\u00f3n.<br><\/p>\n\n\n\n<figure class=\"wp-block-image size-large\"><img fetchpriority=\"high\" decoding=\"async\" width=\"1024\" height=\"503\" src=\"https:\/\/elinformante.mx\/wp-content\/uploads\/2023\/03\/da-fernando-2-1024x503.jpg\" alt=\"\" class=\"wp-image-22769\" srcset=\"https:\/\/elinformante.mx\/wp-content\/uploads\/2023\/03\/da-fernando-2-1024x503.jpg 1024w, https:\/\/elinformante.mx\/wp-content\/uploads\/2023\/03\/da-fernando-2-300x147.jpg 300w, https:\/\/elinformante.mx\/wp-content\/uploads\/2023\/03\/da-fernando-2-768x377.jpg 768w, https:\/\/elinformante.mx\/wp-content\/uploads\/2023\/03\/da-fernando-2-580x285.jpg 580w, https:\/\/elinformante.mx\/wp-content\/uploads\/2023\/03\/da-fernando-2-860x422.jpg 860w, https:\/\/elinformante.mx\/wp-content\/uploads\/2023\/03\/da-fernando-2.jpg 1140w\" sizes=\"(max-width: 1024px) 100vw, 1024px\" \/><\/figure>\n\n\n\n<p>Con esta iniciativa, los adultos mayores de Metepec y sus alrededores contar\u00e1n con espacios dignos para bailar, cantar e incluso actuar. El objetivo es que disfruten de una vida plena y activa, sin importar su edad.<br><\/p>\n\n\n\n<p>Desde el cabildo de Metepec, se asegur\u00f3 que todos los esfuerzos est\u00e1n enfocados en mejorar la calidad de vida de los adultos mayores de la regi\u00f3n. La rehabilitaci\u00f3n de las casas de d\u00eda y los espacios destinados para este sector son una muestra del compromiso del municipio con la poblaci\u00f3n de la tercera edad.<\/p>\n","protected":false},"excerpt":{"rendered":"<p>El alcalde se comprometi\u00f3 a mejorar las condiciones de vida de este sector de la poblaci\u00f3n. El alcalde de Metepec, Fernando Flores, y su esposa, Irai Albarr\u00e1n, encabezaron el banderazo de inicio de la rehabilitaci\u00f3n de las casas de d\u00eda y los espacios destinados para adultos mayores en el municipio. Para Flores Fern\u00e1ndez, la experiencia [&hellip;]<\/p>\n","protected":false},"author":1,"featured_media":22768,"comment_status":"closed","ping_status":"closed","sticky":false,"template":"","format":"standard","meta":{"footnotes":""},"categories":[30,36],"tags":[],"class_list":["post-22767","post","type-post","status-publish","format-standard","has-post-thumbnail","hentry","category-destacado","category-edomex"],"_links":{"self":[{"href":"https:\/\/elinformante.mx\/index.php?rest_route=\/wp\/v2\/posts\/22767","targetHints":{"allow":["GET"]}}],"collection":[{"href":"https:\/\/elinformante.mx\/index.php?rest_route=\/wp\/v2\/posts"}],"about":[{"href":"https:\/\/elinformante.mx\/index.php?rest_route=\/wp\/v2\/types\/post"}],"author":[{"embeddable":true,"href":"https:\/\/elinformante.mx\/index.php?rest_route=\/wp\/v2\/users\/1"}],"replies":[{"embeddable":true,"href":"https:\/\/elinformante.mx\/index.php?rest_route=%2Fwp%2Fv2%2Fcomments&post=22767"}],"version-history":[{"count":0,"href":"https:\/\/elinformante.mx\/index.php?rest_route=\/wp\/v2\/posts\/22767\/revisions"}],"wp:featuredmedia":[{"embeddable":true,"href":"https:\/\/elinformante.mx\/index.php?rest_route=\/wp\/v2\/media\/22768"}],"wp:attachment":[{"href":"https:\/\/elinformante.mx\/index.php?rest_route=%2Fwp%2Fv2%2Fmedia&parent=22767"}],"wp:term":[{"taxonomy":"category","embeddable":true,"href":"https:\/\/elinformante.mx\/index.php?rest_route=%2Fwp%2Fv2%2Fcategories&post=22767"},{"taxonomy":"post_tag","embeddable":true,"href":"https:\/\/elinformante.mx\/index.php?rest_route=%2Fwp%2Fv2%2Ftags&post=22767"}],"curies":[{"name":"wp","href":"https:\/\/api.w.org\/{rel}","templated":true}]}}