{"id":22771,"date":"2023-03-23T14:01:13","date_gmt":"2023-03-23T14:01:13","guid":{"rendered":"https:\/\/elinformante.mx\/?p=22771"},"modified":"2023-03-23T14:01:14","modified_gmt":"2023-03-23T14:01:14","slug":"uaemex-alerta-por-aumento-de-casos-de-enfermedades-gastrointestinales","status":"publish","type":"post","link":"https:\/\/elinformante.mx\/?p=22771","title":{"rendered":"UAEM\u00e9x alerta por aumento de casos de enfermedades gastrointestinales"},"content":{"rendered":"\n<blockquote class=\"wp-block-quote is-layout-flow wp-block-quote-is-layout-flow\">\n<p>La poblaci\u00f3n m\u00e1s vulnerable son los ni\u00f1os y los adultos mayores.<\/p>\n<\/blockquote>\n\n\n\n<p>Con el ascenso de temperatura, las enfermedades gastrointestinales se presentan con mayor frecuencia ante la r\u00e1pida descomposici\u00f3n que sufren los alimentos, sobre todo, aquellos que se consumen en la calle, indic\u00f3 la m\u00e9dica de la Cl\u00ednica Multidisciplinaria de Salud (CMS) de la Universidad Aut\u00f3noma del Estado de M\u00e9xico (UAEM\u00e9x), Alejandra Hern\u00e1ndez Zacar\u00edas.<br><\/p>\n\n\n\n<p>Indic\u00f3 que la poblaci\u00f3n m\u00e1s vulnerable son los ni\u00f1os y los adultos mayores; sin embargo, refiri\u00f3 que los oficinistas se han convertido en un sector afectado durante la temporada debido a que es recurrente que consuman sus alimentos en algunos puestos de comida callejeros.<br><\/p>\n\n\n\n<p>En ese sentido, recomend\u00f3 que el consumo de alimentos sea en lugares que cuenten con medidas higi\u00e9nicas y que los productos a la vista se vean frescos y aptos para comer.<br><\/p>\n\n\n\n<p>Hern\u00e1ndez Zacar\u00edas explic\u00f3 que, durante la temporada de calor, las enfermedades gastrointestinales se pueden presentar en diferentes intensidades, por lo que sugiri\u00f3 considerar visitar a un m\u00e9dico en caso de que el dolor estomacal y la deshidrataci\u00f3n superen las 12 horas.<br><\/p>\n\n\n\n<p>De manera general, la m\u00e9dica recomend\u00f3 que durante la temporada de calor prevalezca el lavado constante de manos, que las personas se mantengan hidratadas, consuman frutas y verduras frescas de la temporada lavadas y desinfectadas previamente, evitar consumir en lugares de comida callejera o con falta de higiene y desparasitarse.<\/p>\n","protected":false},"excerpt":{"rendered":"<p>La poblaci\u00f3n m\u00e1s vulnerable son los ni\u00f1os y los adultos mayores. Con el ascenso de temperatura, las enfermedades gastrointestinales se presentan con mayor frecuencia ante la r\u00e1pida descomposici\u00f3n que sufren los alimentos, sobre todo, aquellos que se consumen en la calle, indic\u00f3 la m\u00e9dica de la Cl\u00ednica Multidisciplinaria de Salud (CMS) de la Universidad Aut\u00f3noma [&hellip;]<\/p>\n","protected":false},"author":1,"featured_media":22772,"comment_status":"closed","ping_status":"closed","sticky":false,"template":"","format":"standard","meta":{"footnotes":""},"categories":[30,36],"tags":[],"class_list":["post-22771","post","type-post","status-publish","format-standard","has-post-thumbnail","hentry","category-destacado","category-edomex"],"_links":{"self":[{"href":"https:\/\/elinformante.mx\/index.php?rest_route=\/wp\/v2\/posts\/22771","targetHints":{"allow":["GET"]}}],"collection":[{"href":"https:\/\/elinformante.mx\/index.php?rest_route=\/wp\/v2\/posts"}],"about":[{"href":"https:\/\/elinformante.mx\/index.php?rest_route=\/wp\/v2\/types\/post"}],"author":[{"embeddable":true,"href":"https:\/\/elinformante.mx\/index.php?rest_route=\/wp\/v2\/users\/1"}],"replies":[{"embeddable":true,"href":"https:\/\/elinformante.mx\/index.php?rest_route=%2Fwp%2Fv2%2Fcomments&post=22771"}],"version-history":[{"count":0,"href":"https:\/\/elinformante.mx\/index.php?rest_route=\/wp\/v2\/posts\/22771\/revisions"}],"wp:featuredmedia":[{"embeddable":true,"href":"https:\/\/elinformante.mx\/index.php?rest_route=\/wp\/v2\/media\/22772"}],"wp:attachment":[{"href":"https:\/\/elinformante.mx\/index.php?rest_route=%2Fwp%2Fv2%2Fmedia&parent=22771"}],"wp:term":[{"taxonomy":"category","embeddable":true,"href":"https:\/\/elinformante.mx\/index.php?rest_route=%2Fwp%2Fv2%2Fcategories&post=22771"},{"taxonomy":"post_tag","embeddable":true,"href":"https:\/\/elinformante.mx\/index.php?rest_route=%2Fwp%2Fv2%2Ftags&post=22771"}],"curies":[{"name":"wp","href":"https:\/\/api.w.org\/{rel}","templated":true}]}}