{"id":22774,"date":"2023-03-23T14:08:44","date_gmt":"2023-03-23T14:08:44","guid":{"rendered":"https:\/\/elinformante.mx\/?p=22774"},"modified":"2023-03-23T14:47:06","modified_gmt":"2023-03-23T14:47:06","slug":"asiste-rector-de-la-uaemex-a-la-integracion-del-comite-especial-del-h-consejo-universitario","status":"publish","type":"post","link":"https:\/\/elinformante.mx\/?p=22774","title":{"rendered":"Asiste Rector de la UAEM\u00e9x a la Integraci\u00f3n del Comit\u00e9 Especial del H. Consejo Universitario"},"content":{"rendered":"\n<blockquote class=\"wp-block-quote is-layout-flow wp-block-quote-is-layout-flow\">\n<p>Agradeci\u00f3 a cada uno por adelantado de llevar a cabo su trabajo con transparencia, y enfatiz\u00f3 que la rendici\u00f3n de cuentas son los ejes transversales de su administraci\u00f3n.<\/p>\n<\/blockquote>\n\n\n\n<p>Se integra la Comisi\u00f3n Especial del H. Consejo Universitario que tendr\u00e1 como funci\u00f3n iniciar el estudio y evaluaci\u00f3n para llevar a cabo las actividades de \u201cGlosa\u201d del Segundo Informe Anual de Actividades del rector de la Universidad Aut\u00f3noma del Estado de M\u00e9xico, Carlos Eduardo Barrera D\u00edaz.<\/p>\n\n\n\n<p>Barrera D\u00edaz estuvo presente en la integraci\u00f3n del comit\u00e9 y les agradeci\u00f3 a cada uno por adelantado de llevar a cabo su trabajo con transparencia, y enfatiz\u00f3 que la rendici\u00f3n de cuentas son los ejes transversales de su administraci\u00f3n. De la misma manera los consejeros designados agradecieron al rector el poder tomar la palabra y llevar a cabo un dialog\u00f3 de manera coordinada y transversal, logrando en sinergia una universidad con m\u00e1s calidad y competitividad.<br><\/p>\n\n\n\n<p>La Comisi\u00f3n Especial del H. Consejo Universitario se ha integrado con el objetivo de iniciar el estudio y evaluaci\u00f3n para llevar a cabo las actividades de \u201cGlosa\u201d del Segundo Informe Anual de Actividades del rector de la Universidad Aut\u00f3noma del Estado de M\u00e9xico, Carlos Eduardo Barrera D\u00edaz.<br><\/p>\n\n\n\n<figure class=\"wp-block-image size-large\"><img fetchpriority=\"high\" decoding=\"async\" width=\"1024\" height=\"503\" src=\"https:\/\/elinformante.mx\/wp-content\/uploads\/2023\/03\/asiste-2-1-1024x503.jpg\" alt=\"\" class=\"wp-image-22776\" srcset=\"https:\/\/elinformante.mx\/wp-content\/uploads\/2023\/03\/asiste-2-1-1024x503.jpg 1024w, https:\/\/elinformante.mx\/wp-content\/uploads\/2023\/03\/asiste-2-1-300x147.jpg 300w, https:\/\/elinformante.mx\/wp-content\/uploads\/2023\/03\/asiste-2-1-768x377.jpg 768w, https:\/\/elinformante.mx\/wp-content\/uploads\/2023\/03\/asiste-2-1-580x285.jpg 580w, https:\/\/elinformante.mx\/wp-content\/uploads\/2023\/03\/asiste-2-1-860x422.jpg 860w, https:\/\/elinformante.mx\/wp-content\/uploads\/2023\/03\/asiste-2-1.jpg 1140w\" sizes=\"(max-width: 1024px) 100vw, 1024px\" \/><\/figure>\n\n\n\n<p>Durante la integraci\u00f3n del comit\u00e9, el rector estuvo presente y agradeci\u00f3 a cada uno de los miembros por adelantado, enfatizando que la rendici\u00f3n de cuentas es uno de los ejes transversales de su administraci\u00f3n y que la transparencia en el proceso de glosa es fundamental para seguir avanzando en la calidad y competitividad de la universidad.<br><\/p>\n\n\n\n<p>Por su parte, los consejeros designados agradecieron al rector por la oportunidad de llevar a cabo un di\u00e1logo coordinado y transversal, y se comprometieron a trabajar en sinergia para lograr una universidad con mayores niveles de calidad y competitividad.<br><\/p>\n\n\n\n<p>La Comisi\u00f3n Especial del H. Consejo Universitario tiene una importante tarea por delante, y se espera que su trabajo sea realizado con transparencia, \u00e9tica y compromiso con la comunidad universitaria. La glosa del Segundo Informe Anual de Actividades del rector ser\u00e1 una oportunidad para evaluar los avances y desaf\u00edos de la universidad, y seguir impulsando su desarrollo y crecimiento.<\/p>\n","protected":false},"excerpt":{"rendered":"<p>Agradeci\u00f3 a cada uno por adelantado de llevar a cabo su trabajo con transparencia, y enfatiz\u00f3 que la rendici\u00f3n de cuentas son los ejes transversales de su administraci\u00f3n. Se integra la Comisi\u00f3n Especial del H. Consejo Universitario que tendr\u00e1 como funci\u00f3n iniciar el estudio y evaluaci\u00f3n para llevar a cabo las actividades de \u201cGlosa\u201d del [&hellip;]<\/p>\n","protected":false},"author":1,"featured_media":22775,"comment_status":"closed","ping_status":"closed","sticky":false,"template":"","format":"standard","meta":{"footnotes":""},"categories":[30,36],"tags":[],"class_list":["post-22774","post","type-post","status-publish","format-standard","has-post-thumbnail","hentry","category-destacado","category-edomex"],"_links":{"self":[{"href":"https:\/\/elinformante.mx\/index.php?rest_route=\/wp\/v2\/posts\/22774","targetHints":{"allow":["GET"]}}],"collection":[{"href":"https:\/\/elinformante.mx\/index.php?rest_route=\/wp\/v2\/posts"}],"about":[{"href":"https:\/\/elinformante.mx\/index.php?rest_route=\/wp\/v2\/types\/post"}],"author":[{"embeddable":true,"href":"https:\/\/elinformante.mx\/index.php?rest_route=\/wp\/v2\/users\/1"}],"replies":[{"embeddable":true,"href":"https:\/\/elinformante.mx\/index.php?rest_route=%2Fwp%2Fv2%2Fcomments&post=22774"}],"version-history":[{"count":0,"href":"https:\/\/elinformante.mx\/index.php?rest_route=\/wp\/v2\/posts\/22774\/revisions"}],"wp:featuredmedia":[{"embeddable":true,"href":"https:\/\/elinformante.mx\/index.php?rest_route=\/wp\/v2\/media\/22775"}],"wp:attachment":[{"href":"https:\/\/elinformante.mx\/index.php?rest_route=%2Fwp%2Fv2%2Fmedia&parent=22774"}],"wp:term":[{"taxonomy":"category","embeddable":true,"href":"https:\/\/elinformante.mx\/index.php?rest_route=%2Fwp%2Fv2%2Fcategories&post=22774"},{"taxonomy":"post_tag","embeddable":true,"href":"https:\/\/elinformante.mx\/index.php?rest_route=%2Fwp%2Fv2%2Ftags&post=22774"}],"curies":[{"name":"wp","href":"https:\/\/api.w.org\/{rel}","templated":true}]}}