{"id":22778,"date":"2023-03-23T14:13:25","date_gmt":"2023-03-23T14:13:25","guid":{"rendered":"https:\/\/elinformante.mx\/?p=22778"},"modified":"2023-03-23T14:13:26","modified_gmt":"2023-03-23T14:13:26","slug":"logra-gem-y-mipymes-vinculaciones-comerciales-derivadas-del-expo-antad-2023","status":"publish","type":"post","link":"https:\/\/elinformante.mx\/?p=22778","title":{"rendered":"Logra GEM y MIPYMES vinculaciones comerciales derivadas del Expo ANTAD 2023"},"content":{"rendered":"\n<blockquote class=\"wp-block-quote is-layout-flow wp-block-quote-is-layout-flow\">\n<p>Son micros, peque\u00f1as y medianas empresas del Estado de M\u00e9xico beneficiadas con la venta de productos.<\/p>\n<\/blockquote>\n\n\n\n<p>Las micro, peque\u00f1as y medianas empresas (Mipymes) que participaron, con apoyo del Gobierno del Estado de M\u00e9xico, en la Expo ANTAD 2023, lograron vinculaciones comerciales para la venta de productos mexiquenses y para formar parte de la cadena de proveedur\u00eda del sector retail, hoteles, restaurantes y cafeter\u00eda.<br><\/p>\n\n\n\n<p>Al informar sobre los resultados obtenidos en la Expo ANTAD 2023, el titular de la Sedeco, Pablo Peralta Garc\u00eda, refiri\u00f3 que las 90 Mipymes, procedentes de 35 municipios, se acercaron a clientes con posibilidades de establecer negocios.<br><\/p>\n\n\n\n<p>Indic\u00f3 que el 88.2 por ciento de los participantes identific\u00f3 \u00e1reas de oportunidad, 68.4 por ciento concret\u00f3 alguna negociaci\u00f3n y 72.4 por ciento, obtuvo retroalimentaci\u00f3n para mejorar su marca.<br><\/p>\n\n\n\n<p>Asimismo, en este evento, considerado como el m\u00e1s importante de Am\u00e9rica Latina, por reunir en un solo lugar a compradores y vendedores de la Asociaci\u00f3n Nacional de Tiendas de Autoservicio y Departamentales (ANTAD), el 69 por ciento de los contactos que establecieron las Mipymes participantes, fueron con el sector retail, afirm\u00f3.<br><\/p>\n\n\n\n<p>Tambi\u00e9n apunt\u00f3 que el estand mexiquense dentro de la Expo, mantuvo una alta concurrencia de firmas y grupos empresariales, interesados en establecer negociaciones.<br><\/p>\n\n\n\n<p>El Director General de Comercio de la Secretar\u00eda de Desarrollo Econ\u00f3mico (Sedeco), Juan Pedrozo Gonz\u00e1lez, destac\u00f3 que a lo largo de tres d\u00edas, en un espacio f\u00edsico instalado dentro de la Expo, 80 empresas mexiquenses ofrecieron informaci\u00f3n sobre sus productos y sostuvieron encuentros y mesas de negociaciones, adem\u00e1s, otras diez Mipymes tuvieron negociaciones con compradores, por medio de diversas plataformas digitales.<br><\/p>\n\n\n\n<p>Reconoci\u00f3 que el esfuerzo hecho por la administraci\u00f3n del Gobernador Alfredo Del Mazo para que las Mipymes est\u00e9n en los grandes encuentros y ferias comerciales, ha dado como resultado el acercamiento de empresas con distintos sectores de consumo como el detallista, de hoteles y restaurantes, as\u00ed como formar parte de la cadena de abasto de la industria alimentaria.<br><\/p>\n\n\n\n<p>Pedrozo Gonz\u00e1lez afirm\u00f3 que el Estado de M\u00e9xico mantiene su participaci\u00f3n en la Expo ANTAD, y en los \u00faltimos cinco a\u00f1os, ha logrado catapultar distintas marcas y productos en el sector de hoteles, restaurantes y cafeter\u00eda (Horeca) y de la industria de la hospitalidad.<\/p>\n","protected":false},"excerpt":{"rendered":"<p>Son micros, peque\u00f1as y medianas empresas del Estado de M\u00e9xico beneficiadas con la venta de productos. Las micro, peque\u00f1as y medianas empresas (Mipymes) que participaron, con apoyo del Gobierno del Estado de M\u00e9xico, en la Expo ANTAD 2023, lograron vinculaciones comerciales para la venta de productos mexiquenses y para formar parte de la cadena de [&hellip;]<\/p>\n","protected":false},"author":1,"featured_media":22779,"comment_status":"closed","ping_status":"closed","sticky":false,"template":"","format":"standard","meta":{"footnotes":""},"categories":[38,36],"tags":[],"class_list":["post-22778","post","type-post","status-publish","format-standard","has-post-thumbnail","hentry","category-deportes","category-edomex"],"_links":{"self":[{"href":"https:\/\/elinformante.mx\/index.php?rest_route=\/wp\/v2\/posts\/22778","targetHints":{"allow":["GET"]}}],"collection":[{"href":"https:\/\/elinformante.mx\/index.php?rest_route=\/wp\/v2\/posts"}],"about":[{"href":"https:\/\/elinformante.mx\/index.php?rest_route=\/wp\/v2\/types\/post"}],"author":[{"embeddable":true,"href":"https:\/\/elinformante.mx\/index.php?rest_route=\/wp\/v2\/users\/1"}],"replies":[{"embeddable":true,"href":"https:\/\/elinformante.mx\/index.php?rest_route=%2Fwp%2Fv2%2Fcomments&post=22778"}],"version-history":[{"count":0,"href":"https:\/\/elinformante.mx\/index.php?rest_route=\/wp\/v2\/posts\/22778\/revisions"}],"wp:featuredmedia":[{"embeddable":true,"href":"https:\/\/elinformante.mx\/index.php?rest_route=\/wp\/v2\/media\/22779"}],"wp:attachment":[{"href":"https:\/\/elinformante.mx\/index.php?rest_route=%2Fwp%2Fv2%2Fmedia&parent=22778"}],"wp:term":[{"taxonomy":"category","embeddable":true,"href":"https:\/\/elinformante.mx\/index.php?rest_route=%2Fwp%2Fv2%2Fcategories&post=22778"},{"taxonomy":"post_tag","embeddable":true,"href":"https:\/\/elinformante.mx\/index.php?rest_route=%2Fwp%2Fv2%2Ftags&post=22778"}],"curies":[{"name":"wp","href":"https:\/\/api.w.org\/{rel}","templated":true}]}}