{"id":22781,"date":"2023-03-23T14:24:03","date_gmt":"2023-03-23T14:24:03","guid":{"rendered":"https:\/\/elinformante.mx\/?p=22781"},"modified":"2023-03-23T14:24:04","modified_gmt":"2023-03-23T14:24:04","slug":"ingresan-a-amanda-bynes-al-psiquiatrico-la-hallaron-caminando-desnuda-en-plena-calle","status":"publish","type":"post","link":"https:\/\/elinformante.mx\/?p=22781","title":{"rendered":"Ingresan a Amanda Bynes al psiqui\u00e1trico, la hallaron caminando desnuda en plena calle"},"content":{"rendered":"\n<p>Amanda Bynes, joven actriz recordada por sus apariciones en \u201cNickelodeon\u201d, fue captada caminando desnuda por calles de Los \u00c1ngeles, seg\u00fan autoridades y medios locales.<br><\/p>\n\n\n\n<p>De acuerdo con algunos testigos, Bynes fue captada en fotos y videos mientras caminaba desnuda por calles de Los \u00c1ngeles y en un estado ps\u00edquico alterado.<br><\/p>\n\n\n\n<p>La famosa actriz estadunidense, de 36 a\u00f1os, tuvo que ser recluida en un centro psiqui\u00e1trico tras este trance que vivi\u00f3.<br><\/p>\n\n\n\n<p>El medio TMZ recogi\u00f3 la declaraci\u00f3n de un testigo quien, describi\u00f3, Amanda Bynes caminaba desnuda hasta que repentinamente detuvo un auto y pidi\u00f3 al conductor llamar al 911 para recibir ayuda.<br><\/p>\n\n\n\n<figure class=\"wp-block-image size-large\"><img fetchpriority=\"high\" decoding=\"async\" width=\"1024\" height=\"503\" src=\"https:\/\/elinformante.mx\/wp-content\/uploads\/2023\/03\/ingresan-1024x503.jpg\" alt=\"\" class=\"wp-image-22783\" srcset=\"https:\/\/elinformante.mx\/wp-content\/uploads\/2023\/03\/ingresan-1024x503.jpg 1024w, https:\/\/elinformante.mx\/wp-content\/uploads\/2023\/03\/ingresan-300x147.jpg 300w, https:\/\/elinformante.mx\/wp-content\/uploads\/2023\/03\/ingresan-768x377.jpg 768w, https:\/\/elinformante.mx\/wp-content\/uploads\/2023\/03\/ingresan-580x285.jpg 580w, https:\/\/elinformante.mx\/wp-content\/uploads\/2023\/03\/ingresan-860x422.jpg 860w, https:\/\/elinformante.mx\/wp-content\/uploads\/2023\/03\/ingresan.jpg 1140w\" sizes=\"(max-width: 1024px) 100vw, 1024px\" \/><\/figure>\n\n\n\n<p>Ahora la guapa actriz deber\u00e1 permanecer al menos 72 horas bajo custodia psiqui\u00e1trica hasta determinar sus facultades mentales.<br><\/p>\n\n\n\n<p>Con solo siete a\u00f1os de edad, Amanda Bynes comenz\u00f3 una prometedora carrera en el mundo del espect\u00e1culo, participando en pel\u00edculas como \u201cSue\u00f1o para ella\u201d o \u201cElla y el chico\u201d.<br><\/p>\n\n\n\n<p>Sin embargo, comenzando el 2012 estuvo envuelta en esc\u00e1ndalos relacionados con posesi\u00f3n de drogas y narc\u00f3ticos.<br><\/p>\n\n\n\n<p>Hasta el momento no se ha podido determinar si este nuevo episodio psic\u00f3tico est\u00e1 relacionado con el abuso de drogas y otras sustancias estimulantes.<\/p>\n","protected":false},"excerpt":{"rendered":"<p>Amanda Bynes, joven actriz recordada por sus apariciones en \u201cNickelodeon\u201d, fue captada caminando desnuda por calles de Los \u00c1ngeles, seg\u00fan autoridades y medios locales. De acuerdo con algunos testigos, Bynes fue captada en fotos y videos mientras caminaba desnuda por calles de Los \u00c1ngeles y en un estado ps\u00edquico alterado. La famosa actriz estadunidense, de [&hellip;]<\/p>\n","protected":false},"author":1,"featured_media":22782,"comment_status":"closed","ping_status":"closed","sticky":false,"template":"","format":"standard","meta":{"footnotes":""},"categories":[39],"tags":[],"class_list":["post-22781","post","type-post","status-publish","format-standard","has-post-thumbnail","hentry","category-espectaculos"],"_links":{"self":[{"href":"https:\/\/elinformante.mx\/index.php?rest_route=\/wp\/v2\/posts\/22781","targetHints":{"allow":["GET"]}}],"collection":[{"href":"https:\/\/elinformante.mx\/index.php?rest_route=\/wp\/v2\/posts"}],"about":[{"href":"https:\/\/elinformante.mx\/index.php?rest_route=\/wp\/v2\/types\/post"}],"author":[{"embeddable":true,"href":"https:\/\/elinformante.mx\/index.php?rest_route=\/wp\/v2\/users\/1"}],"replies":[{"embeddable":true,"href":"https:\/\/elinformante.mx\/index.php?rest_route=%2Fwp%2Fv2%2Fcomments&post=22781"}],"version-history":[{"count":0,"href":"https:\/\/elinformante.mx\/index.php?rest_route=\/wp\/v2\/posts\/22781\/revisions"}],"wp:featuredmedia":[{"embeddable":true,"href":"https:\/\/elinformante.mx\/index.php?rest_route=\/wp\/v2\/media\/22782"}],"wp:attachment":[{"href":"https:\/\/elinformante.mx\/index.php?rest_route=%2Fwp%2Fv2%2Fmedia&parent=22781"}],"wp:term":[{"taxonomy":"category","embeddable":true,"href":"https:\/\/elinformante.mx\/index.php?rest_route=%2Fwp%2Fv2%2Fcategories&post=22781"},{"taxonomy":"post_tag","embeddable":true,"href":"https:\/\/elinformante.mx\/index.php?rest_route=%2Fwp%2Fv2%2Ftags&post=22781"}],"curies":[{"name":"wp","href":"https:\/\/api.w.org\/{rel}","templated":true}]}}