{"id":22793,"date":"2023-03-23T14:27:12","date_gmt":"2023-03-23T14:27:12","guid":{"rendered":"https:\/\/elinformante.mx\/?p=22793"},"modified":"2023-03-23T14:27:13","modified_gmt":"2023-03-23T14:27:13","slug":"hombre-sentenciado-a-43-anos-de-prision-por-homicidio-en-chalco","status":"publish","type":"post","link":"https:\/\/elinformante.mx\/?p=22793","title":{"rendered":"Hombre sentenciado a 43 a\u00f1os de prisi\u00f3n por homicidio en Chalco"},"content":{"rendered":"\n<blockquote class=\"wp-block-quote is-layout-flow wp-block-quote-is-layout-flow\">\n<p>Este delito ocurri\u00f3 en marzo de 2020 en la colonia San Gregorio Cuautzingo.<\/p>\n<\/blockquote>\n\n\n\n<p>Un sujeto identificado como Ricardo Delgadillo de la Cruz fue sentenciado a 43 a\u00f1os y 9 meses de prisi\u00f3n, despu\u00e9s de que la Fiscal\u00eda General de Justicia del Estado de M\u00e9xico (FGJEM) acredit\u00f3 su participaci\u00f3n en el hecho delictivo de homicidio calificado, il\u00edcito perpetrado en este municipio.<br><\/p>\n\n\n\n<p>Determinaron que el 31 de marzo de 2020, un adolescente se encontraba laborando en una parada de transporte p\u00fablico de la ruta 32, en la avenida Nacional de la Unidad Habitacional Pueblo Nuevo, San Gregorio Cuautzingo, en el municipio de Chalco, a donde lleg\u00f3 Ricardo y cuatro individuos m\u00e1s, quienes lo agredieron verbalmente.<br><\/p>\n\n\n\n<p>Dos de los involucrados sacaron armas de fuego, las cuales detonaron contra la v\u00edctima, caus\u00e1ndole la muerte y luego huyeron del lugar.<br><\/p>\n\n\n\n<p>La FGJEM inici\u00f3 indagatoria por este homicidio calificado y con el avance en la investigaci\u00f3n fue detenido Delgadillo de la Cruz, mismo que fue ingresado al Centro Penitenciario y de Reinserci\u00f3n Social de Chalco, donde qued\u00f3 a disposici\u00f3n de un Juez.<br><\/p>\n\n\n\n<p>Despu\u00e9s de revisar las pruebas recabadas, aportadas y expuestas por esta Representaci\u00f3n Social, la Autoridad Judicial le dict\u00f3 esta condena y le fij\u00f3 multas, en tanto que sus derechos civiles y pol\u00edticos quedaron suspendidos.<\/p>\n","protected":false},"excerpt":{"rendered":"<p>Este delito ocurri\u00f3 en marzo de 2020 en la colonia San Gregorio Cuautzingo. Un sujeto identificado como Ricardo Delgadillo de la Cruz fue sentenciado a 43 a\u00f1os y 9 meses de prisi\u00f3n, despu\u00e9s de que la Fiscal\u00eda General de Justicia del Estado de M\u00e9xico (FGJEM) acredit\u00f3 su participaci\u00f3n en el hecho delictivo de homicidio calificado, [&hellip;]<\/p>\n","protected":false},"author":1,"featured_media":22794,"comment_status":"closed","ping_status":"closed","sticky":false,"template":"","format":"standard","meta":{"footnotes":""},"categories":[37],"tags":[],"class_list":["post-22793","post","type-post","status-publish","format-standard","has-post-thumbnail","hentry","category-justicia"],"_links":{"self":[{"href":"https:\/\/elinformante.mx\/index.php?rest_route=\/wp\/v2\/posts\/22793","targetHints":{"allow":["GET"]}}],"collection":[{"href":"https:\/\/elinformante.mx\/index.php?rest_route=\/wp\/v2\/posts"}],"about":[{"href":"https:\/\/elinformante.mx\/index.php?rest_route=\/wp\/v2\/types\/post"}],"author":[{"embeddable":true,"href":"https:\/\/elinformante.mx\/index.php?rest_route=\/wp\/v2\/users\/1"}],"replies":[{"embeddable":true,"href":"https:\/\/elinformante.mx\/index.php?rest_route=%2Fwp%2Fv2%2Fcomments&post=22793"}],"version-history":[{"count":0,"href":"https:\/\/elinformante.mx\/index.php?rest_route=\/wp\/v2\/posts\/22793\/revisions"}],"wp:featuredmedia":[{"embeddable":true,"href":"https:\/\/elinformante.mx\/index.php?rest_route=\/wp\/v2\/media\/22794"}],"wp:attachment":[{"href":"https:\/\/elinformante.mx\/index.php?rest_route=%2Fwp%2Fv2%2Fmedia&parent=22793"}],"wp:term":[{"taxonomy":"category","embeddable":true,"href":"https:\/\/elinformante.mx\/index.php?rest_route=%2Fwp%2Fv2%2Fcategories&post=22793"},{"taxonomy":"post_tag","embeddable":true,"href":"https:\/\/elinformante.mx\/index.php?rest_route=%2Fwp%2Fv2%2Ftags&post=22793"}],"curies":[{"name":"wp","href":"https:\/\/api.w.org\/{rel}","templated":true}]}}