{"id":22797,"date":"2023-03-23T14:28:59","date_gmt":"2023-03-23T14:28:59","guid":{"rendered":"https:\/\/elinformante.mx\/?p=22797"},"modified":"2023-03-23T14:29:00","modified_gmt":"2023-03-23T14:29:00","slug":"se-destruyen-mas-de-380-armas-en-la-22a-zona-militar","status":"publish","type":"post","link":"https:\/\/elinformante.mx\/?p=22797","title":{"rendered":"Se destruyen m\u00e1s de 380 armas en la 22\u00aa Zona Militar"},"content":{"rendered":"\n<blockquote class=\"wp-block-quote is-layout-flow wp-block-quote-is-layout-flow\">\n<p>Mediante el m\u00e9todo de corte se realiz\u00f3 el acto de destrucci\u00f3n en la zona militar situada en Santa Mar\u00eda Ray\u00f3n<\/p>\n<\/blockquote>\n\n\n\n<p>Con el objetivo de disminuir el uso ilegitimo y trasiego de armas en el Estado de M\u00e9xico, pero tambi\u00e9n como una forma de afrontar la violencia en sus calles, autoridades militares procedieron la ma\u00f1ana de este mi\u00e9rcoles a la destrucci\u00f3n de 381 de armas, 3 mil 472 municiones y 102 cargadores en las instalaciones de la 22 Zona Militar con sede en Santa Mar\u00eda Ray\u00f3n.<br><\/p>\n\n\n\n<p>El acto se realiz\u00f3 con la presencia de diversas autoridades de los tres \u00f3rdenes de gobierno encabezadas por el General de Brigada Diplomado del Estado Mayor, Federico San Juan Rosales, comandante de la Vig\u00e9simo Segunda Zona Militar y acompa\u00f1ado por \u00d3scar Noriega Sandoval, Coordinador de Grupos T\u00e1cticos de la SSEM, as\u00ed como Miguel \u00c1ngel Rodr\u00edguez Guti\u00e9rrez, Coordinador Estatal de la Guardia Nacional del Estado de M\u00e9xico, as\u00ed como Armando Ju\u00e1rez Bejarano, Jefe de Estaci\u00f3n del Centro Nacional de Inteligencia y Eulogio Vargas Valencia, Director de Despliegue de Grupos T\u00e1cticos de la SSEM.<br><\/p>\n\n\n\n<p>En el mensaje oficial previo a la destrucci\u00f3n de las armas, el Segundo Comandante del 8\u00b0 Regimiento Mecanizado, Alfredo Montiel S\u00e1nchez, inform\u00f3 que este hecho se materializa gracias al esfuerzo de todas las instituciones participantes que comprende una expresi\u00f3n tangible de las bondades del Federalismo en pro de la seguridad de la ciudadan\u00eda, la convivencia social y el fortalecimiento de la democracia.<br><\/p>\n\n\n\n<p>El Ejecutivo Federal en coordinaci\u00f3n con gobiernos de los Estados, se\u00f1al\u00f3, buscan generar las condiciones apropiadas de desarrollo para un M\u00e9xico en paz y en aras de lograr un bienestar del pueblo mexicano, de tal suerte que en este contexto se han dado instrucciones precisas al Ejercito Mexicano para mantener la estabilidad nacional y continuar con el apoyo a los \u00f3rganos encargados de la seguridad y procuraci\u00f3n del pa\u00eds.<br><\/p>\n\n\n\n<p>Las acciones gubernamentales que resultan exitosas, asegur\u00f3, demuestran una coordinaci\u00f3n y colaboraci\u00f3n que refuerzan lazos interinstitucionales entre gobiernos estatales y municipales con las fuerzas armadas.<\/p>\n","protected":false},"excerpt":{"rendered":"<p>Mediante el m\u00e9todo de corte se realiz\u00f3 el acto de destrucci\u00f3n en la zona militar situada en Santa Mar\u00eda Ray\u00f3n Con el objetivo de disminuir el uso ilegitimo y trasiego de armas en el Estado de M\u00e9xico, pero tambi\u00e9n como una forma de afrontar la violencia en sus calles, autoridades militares procedieron la ma\u00f1ana de [&hellip;]<\/p>\n","protected":false},"author":1,"featured_media":22798,"comment_status":"closed","ping_status":"closed","sticky":false,"template":"","format":"standard","meta":{"footnotes":""},"categories":[37],"tags":[],"class_list":["post-22797","post","type-post","status-publish","format-standard","has-post-thumbnail","hentry","category-justicia"],"_links":{"self":[{"href":"https:\/\/elinformante.mx\/index.php?rest_route=\/wp\/v2\/posts\/22797","targetHints":{"allow":["GET"]}}],"collection":[{"href":"https:\/\/elinformante.mx\/index.php?rest_route=\/wp\/v2\/posts"}],"about":[{"href":"https:\/\/elinformante.mx\/index.php?rest_route=\/wp\/v2\/types\/post"}],"author":[{"embeddable":true,"href":"https:\/\/elinformante.mx\/index.php?rest_route=\/wp\/v2\/users\/1"}],"replies":[{"embeddable":true,"href":"https:\/\/elinformante.mx\/index.php?rest_route=%2Fwp%2Fv2%2Fcomments&post=22797"}],"version-history":[{"count":0,"href":"https:\/\/elinformante.mx\/index.php?rest_route=\/wp\/v2\/posts\/22797\/revisions"}],"wp:featuredmedia":[{"embeddable":true,"href":"https:\/\/elinformante.mx\/index.php?rest_route=\/wp\/v2\/media\/22798"}],"wp:attachment":[{"href":"https:\/\/elinformante.mx\/index.php?rest_route=%2Fwp%2Fv2%2Fmedia&parent=22797"}],"wp:term":[{"taxonomy":"category","embeddable":true,"href":"https:\/\/elinformante.mx\/index.php?rest_route=%2Fwp%2Fv2%2Fcategories&post=22797"},{"taxonomy":"post_tag","embeddable":true,"href":"https:\/\/elinformante.mx\/index.php?rest_route=%2Fwp%2Fv2%2Ftags&post=22797"}],"curies":[{"name":"wp","href":"https:\/\/api.w.org\/{rel}","templated":true}]}}