{"id":22800,"date":"2023-03-23T14:30:08","date_gmt":"2023-03-23T14:30:08","guid":{"rendered":"https:\/\/elinformante.mx\/?p=22800"},"modified":"2023-03-23T14:30:09","modified_gmt":"2023-03-23T14:30:09","slug":"mi-campana-sera-de-propuestas-y-no-de-descalificaciones-del-moral","status":"publish","type":"post","link":"https:\/\/elinformante.mx\/?p=22800","title":{"rendered":"\u201cMi campa\u00f1a ser\u00e1 de propuestas y no de descalificaciones\u201d: Del Moral"},"content":{"rendered":"\n<blockquote class=\"wp-block-quote is-layout-flow wp-block-quote-is-layout-flow\">\n<p>La precandidata electa de la alianza Va por el Estado de M\u00e9xico afirm\u00f3 que es una mujer comprometida con su estado, con capacidad, conocimiento y experiencia para gobernar.<\/p>\n<\/blockquote>\n\n\n\n<p>La precandidata electa de la alianza PRI-PAN-PRD-Nueva Alianza a la gubernatura del Estado de M\u00e9xico, Alejandra Del Moral Vela, asegur\u00f3 que su campa\u00f1a ser\u00e1 de propuestas y no de descalificaciones y su candidatura ser\u00e1 la de la reconciliaci\u00f3n, porque no queremos buenos y malos, sino ofrecer respuestas y soluciones a las y los mexiquenses.<br><\/p>\n\n\n\n<p>Al reunirse, por invitaci\u00f3n, con integrantes del Consejo Coordinador Empresarial del Estado de M\u00e9xico (CCEEM), afirm\u00f3 que a ella no la escuchar\u00e1n hablar mal de la otra candidata a la gubernatura, pues \u201cpor primera vez somos dos mujeres, dos candidatas\u201d.<br><\/p>\n\n\n\n<p>De este lado, dijo, \u201charemos una campa\u00f1a de propuestas, una campa\u00f1a de altura, una campa\u00f1a no de descalificaciones\u201d y que les permita a las y los mexiquenses contrastar capacidades, talentos, valores y propuestas.<br><\/p>\n\n\n\n<p>Al recordar su paso por Bansefi y diversas secretar\u00edas estatales, Alejandra Del Moral resalt\u00f3 que es una mujer comprometida con su estado, con capacidad, experiencia y conocimiento de c\u00f3mo hacerlo para que le vaya bien a las familias mexiquenses.<br><\/p>\n\n\n\n<p>Asegur\u00f3 que lo que viene no es s\u00f3lo un cambio de gobierno, porque ella tiene una deuda con su g\u00e9nero y su generaci\u00f3n, de hacer que las cosas cambien para bien.<br><\/p>\n\n\n\n<p>A los integrantes del CCEM, encabezados por Laura Gonz\u00e1lez, pidi\u00f3 su apoyo para todo lo que venga. \u201cEs tiempo de que juntos nos la rifemos por el Estado de M\u00e9xico\u201d, aqu\u00ed hemos prosperado, aqu\u00ed est\u00e1n nuestras ra\u00edces, juntos protejamos lo que est\u00e1 bien y cambiemos lo que est\u00e1 mal, expres\u00f3.<br><\/p>\n\n\n\n<p>Sostuvo que la gente espera un futuro de seguridad, de certidumbre, que sus hijos tengan buena educaci\u00f3n y que el ambiente pol\u00edtico, econ\u00f3mico, social y cultural sea de concordia, paz y armon\u00eda, donde todos quepamos y en donde nuestras diferencias ideol\u00f3gicas, pol\u00edticas o econ\u00f3micas no sean diferenciador que nos tenga en conflicto permanente.<br><\/p>\n\n\n\n<p>Del Moral Vela asegur\u00f3 que es posible hacer del Estado de M\u00e9xico una casa m\u00e1s estable en lo pol\u00edtico, m\u00e1s competitiva en lo econ\u00f3mico, y m\u00e1s equitativa y justa en lo social. \u201cLo podemos lograr juntos\u201d.<br><\/p>\n\n\n\n<p>Ante l\u00edderes de las distintas ramas econ\u00f3micas del Estado de M\u00e9xico, cabezas sindicales, c\u00e1maras empresariales, industriales, dirigentes de comerciantes y de sectores productivos de la entidad, la precandidata electa resalt\u00f3 su convicci\u00f3n personal de que \u201clos pol\u00edticos no dividan con palabras\u201d.<br><\/p>\n\n\n\n<p>Destac\u00f3 que es indispensable la inversi\u00f3n productiva y poder hacer equipo en conjunto para lo que realmente importa que es la gente.<br><\/p>\n\n\n\n<p>En el encuentro en el que miembros del CCEM abordaron diversos temas de inter\u00e9s como vivienda, seguridad, empleo, transporte, competitividad, normatividad, entre otros, enfatiz\u00f3 que todos \u201csomos parte de la historia, del presente y podemos ser parte de un buen futuro para nuestras hijas y nuestros hijos en el Estado de M\u00e9xico\u201d.<\/p>\n","protected":false},"excerpt":{"rendered":"<p>La precandidata electa de la alianza Va por el Estado de M\u00e9xico afirm\u00f3 que es una mujer comprometida con su estado, con capacidad, conocimiento y experiencia para gobernar. La precandidata electa de la alianza PRI-PAN-PRD-Nueva Alianza a la gubernatura del Estado de M\u00e9xico, Alejandra Del Moral Vela, asegur\u00f3 que su campa\u00f1a ser\u00e1 de propuestas y [&hellip;]<\/p>\n","protected":false},"author":1,"featured_media":22801,"comment_status":"closed","ping_status":"closed","sticky":false,"template":"","format":"standard","meta":{"footnotes":""},"categories":[36],"tags":[],"class_list":["post-22800","post","type-post","status-publish","format-standard","has-post-thumbnail","hentry","category-edomex"],"_links":{"self":[{"href":"https:\/\/elinformante.mx\/index.php?rest_route=\/wp\/v2\/posts\/22800","targetHints":{"allow":["GET"]}}],"collection":[{"href":"https:\/\/elinformante.mx\/index.php?rest_route=\/wp\/v2\/posts"}],"about":[{"href":"https:\/\/elinformante.mx\/index.php?rest_route=\/wp\/v2\/types\/post"}],"author":[{"embeddable":true,"href":"https:\/\/elinformante.mx\/index.php?rest_route=\/wp\/v2\/users\/1"}],"replies":[{"embeddable":true,"href":"https:\/\/elinformante.mx\/index.php?rest_route=%2Fwp%2Fv2%2Fcomments&post=22800"}],"version-history":[{"count":0,"href":"https:\/\/elinformante.mx\/index.php?rest_route=\/wp\/v2\/posts\/22800\/revisions"}],"wp:featuredmedia":[{"embeddable":true,"href":"https:\/\/elinformante.mx\/index.php?rest_route=\/wp\/v2\/media\/22801"}],"wp:attachment":[{"href":"https:\/\/elinformante.mx\/index.php?rest_route=%2Fwp%2Fv2%2Fmedia&parent=22800"}],"wp:term":[{"taxonomy":"category","embeddable":true,"href":"https:\/\/elinformante.mx\/index.php?rest_route=%2Fwp%2Fv2%2Fcategories&post=22800"},{"taxonomy":"post_tag","embeddable":true,"href":"https:\/\/elinformante.mx\/index.php?rest_route=%2Fwp%2Fv2%2Ftags&post=22800"}],"curies":[{"name":"wp","href":"https:\/\/api.w.org\/{rel}","templated":true}]}}