{"id":22807,"date":"2023-03-23T14:37:47","date_gmt":"2023-03-23T14:37:47","guid":{"rendered":"https:\/\/elinformante.mx\/?p=22807"},"modified":"2023-03-23T14:37:47","modified_gmt":"2023-03-23T14:37:47","slug":"conforman-red-estatal-de-observadores-electorales-46-organizaciones-de-edomex","status":"publish","type":"post","link":"https:\/\/elinformante.mx\/?p=22807","title":{"rendered":"Conforman Red Estatal de Observadores Electorales 46 organizaciones de Edom\u00e9x"},"content":{"rendered":"\n<p>Alrededor de 46 organizaciones y asociaciones de la sociedad civil tanto del Valle de M\u00e9xico y del Valle de Toluca integraron una red estatal de observadores electorales para vigilar el proceso de renovaci\u00f3n de la gubernatura mexiquense y cuya meta es registrar ante el INE a 6 mil 578 personas con esa figura.<br><\/p>\n\n\n\n<p>En conferencia de prensa, donde fue presentada dicha red y denominada Promotora de Observadores Electorales, se inform\u00f3 que el objetivo es que se respete la voluntad popular y el resultado de la elecci\u00f3n del pr\u00f3ximo 4 de junio, adem\u00e1s de que haya certeza, transparencia y agregaron, no se comenta fraude.<br><\/p>\n\n\n\n<p>David Orihuela Nava, presidente de la organizaci\u00f3n \u201cQue siga la Democracia\u201d, en el Estado de M\u00e9xico, asociaci\u00f3n promovente de la consulta popular de Revocaci\u00f3n de Mandato y la Reforma electoral, as\u00ed como vocero de esa red se\u00f1al\u00f3 que estar\u00e1n llevando a cabo una campa\u00f1a de promoci\u00f3n para que m\u00e1s personas se inscriban como observadores electorales y sean parte de la vigilancia del actual proceso electoral.<br><\/p>\n\n\n\n<p>Al ser cuestionado si la organizaci\u00f3n tiene relaci\u00f3n con Morena, se\u00f1al\u00f3 que se trata de ciudadanos y asociaciones libres e independientes y que no se vinculan con alguno de las y los candidatos.<br><\/p>\n\n\n\n<p>Tambi\u00e9n dijo que difundir\u00e1n la convocatoria de observadores y observadoras electorales a trav\u00e9s de redes sociales y en sitios p\u00fablicos y explic\u00f3 que la mencionada meta de observadores electorales obedece a que es la cantidad de secciones electorales en la entidad, de ah\u00ed que generar\u00e1n una estructura distrital y municipal.<\/p>\n","protected":false},"excerpt":{"rendered":"<p>Alrededor de 46 organizaciones y asociaciones de la sociedad civil tanto del Valle de M\u00e9xico y del Valle de Toluca integraron una red estatal de observadores electorales para vigilar el proceso de renovaci\u00f3n de la gubernatura mexiquense y cuya meta es registrar ante el INE a 6 mil 578 personas con esa figura. En conferencia [&hellip;]<\/p>\n","protected":false},"author":1,"featured_media":22808,"comment_status":"closed","ping_status":"closed","sticky":false,"template":"","format":"standard","meta":{"footnotes":""},"categories":[36],"tags":[],"class_list":["post-22807","post","type-post","status-publish","format-standard","has-post-thumbnail","hentry","category-edomex"],"_links":{"self":[{"href":"https:\/\/elinformante.mx\/index.php?rest_route=\/wp\/v2\/posts\/22807","targetHints":{"allow":["GET"]}}],"collection":[{"href":"https:\/\/elinformante.mx\/index.php?rest_route=\/wp\/v2\/posts"}],"about":[{"href":"https:\/\/elinformante.mx\/index.php?rest_route=\/wp\/v2\/types\/post"}],"author":[{"embeddable":true,"href":"https:\/\/elinformante.mx\/index.php?rest_route=\/wp\/v2\/users\/1"}],"replies":[{"embeddable":true,"href":"https:\/\/elinformante.mx\/index.php?rest_route=%2Fwp%2Fv2%2Fcomments&post=22807"}],"version-history":[{"count":0,"href":"https:\/\/elinformante.mx\/index.php?rest_route=\/wp\/v2\/posts\/22807\/revisions"}],"wp:featuredmedia":[{"embeddable":true,"href":"https:\/\/elinformante.mx\/index.php?rest_route=\/wp\/v2\/media\/22808"}],"wp:attachment":[{"href":"https:\/\/elinformante.mx\/index.php?rest_route=%2Fwp%2Fv2%2Fmedia&parent=22807"}],"wp:term":[{"taxonomy":"category","embeddable":true,"href":"https:\/\/elinformante.mx\/index.php?rest_route=%2Fwp%2Fv2%2Fcategories&post=22807"},{"taxonomy":"post_tag","embeddable":true,"href":"https:\/\/elinformante.mx\/index.php?rest_route=%2Fwp%2Fv2%2Ftags&post=22807"}],"curies":[{"name":"wp","href":"https:\/\/api.w.org\/{rel}","templated":true}]}}