{"id":22810,"date":"2023-03-23T14:51:06","date_gmt":"2023-03-23T14:51:06","guid":{"rendered":"https:\/\/elinformante.mx\/?p=22810"},"modified":"2023-03-23T14:51:07","modified_gmt":"2023-03-23T14:51:07","slug":"arranca-en-cuajimalpa-expo-empleo-2023-ofertaran-5-mil-empleos","status":"publish","type":"post","link":"https:\/\/elinformante.mx\/?p=22810","title":{"rendered":"Arranca en Cuajimalpa Expo Empleo 2023; ofertar\u00e1n 5 mil empleos"},"content":{"rendered":"\n<blockquote class=\"wp-block-quote is-layout-flow wp-block-quote-is-layout-flow\">\n<p>Se congregaron cadenas hoteleras, restaurantes y sector automotriz, entre otras de entretenimiento<\/p>\n<\/blockquote>\n\n\n\n<p>La alcald\u00eda Cuajimalpa puso en marcha la Expo Empleo 2023 con el objetivo de ofertar empleos a las personas, por lo que congregaron a cadenas hoteleras, restaurantes y sector automotriz, entre otras de entretenimiento.<br><\/p>\n\n\n\n<p>El edil, Adri\u00e1n Rubalcava resalt\u00f3 que la demarcaci\u00f3n a su cargo produce 11.4 empleos diarios. En esta Expo se espera que oferten m\u00e1s de 5 mil empleos.<br><\/p>\n\n\n\n<p>Adri\u00e1n Rubalcava record\u00f3 que el reto para activar la econom\u00eda fue complicado con el paso de la pandemia, pero que esto fue positivo, pues los empresarios reforzaron su inversi\u00f3n y no quitaron empleos.<br><\/p>\n\n\n\n<p>\u201cLes digo que el desarrollo de nuestra demarcaci\u00f3n ha alcanzado niveles impensables\u201d, indic\u00f3.<br><\/p>\n\n\n\n<p>Las autoridades locales se\u00f1alaron que es una demarcaci\u00f3n incluyente, por lo que tambi\u00e9n se les ofrece empleos a personas de la tercera edad, madres solteras.<br><\/p>\n\n\n\n<p>La representante de Coparmex, Sandra Herrera, dijo que es valioso que esta Expo tenga una zona rosa para las mujeres.<br><\/p>\n\n\n\n<p>Fadlala Akabani dijo que es un momento de gran estabilidad econ\u00f3mica, por lo que se deben hacer m\u00e1s ferias de empleo para que las empresas puedan adquirir m\u00e1s personal.<br><\/p>\n\n\n\n<p>Se\u00f1al\u00f3 que la alcald\u00eda Cuajimalpa contribuy\u00f3 en el crecimiento econ\u00f3mico de 3.1 a nivel Ciudad de M\u00e9xico.<br><\/p>\n\n\n\n<p>Adelant\u00f3 que habr\u00e1 una feria del empleo en el Z\u00f3calo capitalino, por lo que se pedir\u00e1 el apoyo del edil, Adri\u00e1n Rubalcava.<\/p>\n","protected":false},"excerpt":{"rendered":"<p>Se congregaron cadenas hoteleras, restaurantes y sector automotriz, entre otras de entretenimiento La alcald\u00eda Cuajimalpa puso en marcha la Expo Empleo 2023 con el objetivo de ofertar empleos a las personas, por lo que congregaron a cadenas hoteleras, restaurantes y sector automotriz, entre otras de entretenimiento. El edil, Adri\u00e1n Rubalcava resalt\u00f3 que la demarcaci\u00f3n a [&hellip;]<\/p>\n","protected":false},"author":1,"featured_media":22812,"comment_status":"closed","ping_status":"closed","sticky":false,"template":"","format":"standard","meta":{"footnotes":""},"categories":[35],"tags":[],"class_list":["post-22810","post","type-post","status-publish","format-standard","has-post-thumbnail","hentry","category-cdmx"],"_links":{"self":[{"href":"https:\/\/elinformante.mx\/index.php?rest_route=\/wp\/v2\/posts\/22810","targetHints":{"allow":["GET"]}}],"collection":[{"href":"https:\/\/elinformante.mx\/index.php?rest_route=\/wp\/v2\/posts"}],"about":[{"href":"https:\/\/elinformante.mx\/index.php?rest_route=\/wp\/v2\/types\/post"}],"author":[{"embeddable":true,"href":"https:\/\/elinformante.mx\/index.php?rest_route=\/wp\/v2\/users\/1"}],"replies":[{"embeddable":true,"href":"https:\/\/elinformante.mx\/index.php?rest_route=%2Fwp%2Fv2%2Fcomments&post=22810"}],"version-history":[{"count":0,"href":"https:\/\/elinformante.mx\/index.php?rest_route=\/wp\/v2\/posts\/22810\/revisions"}],"wp:featuredmedia":[{"embeddable":true,"href":"https:\/\/elinformante.mx\/index.php?rest_route=\/wp\/v2\/media\/22812"}],"wp:attachment":[{"href":"https:\/\/elinformante.mx\/index.php?rest_route=%2Fwp%2Fv2%2Fmedia&parent=22810"}],"wp:term":[{"taxonomy":"category","embeddable":true,"href":"https:\/\/elinformante.mx\/index.php?rest_route=%2Fwp%2Fv2%2Fcategories&post=22810"},{"taxonomy":"post_tag","embeddable":true,"href":"https:\/\/elinformante.mx\/index.php?rest_route=%2Fwp%2Fv2%2Ftags&post=22810"}],"curies":[{"name":"wp","href":"https:\/\/api.w.org\/{rel}","templated":true}]}}