{"id":22820,"date":"2023-03-23T14:53:47","date_gmt":"2023-03-23T14:53:47","guid":{"rendered":"https:\/\/elinformante.mx\/?p=22820"},"modified":"2023-03-23T14:54:13","modified_gmt":"2023-03-23T14:54:13","slug":"el-trafico-de-armas-debe-ser-un-considerado-delito-grave-ebrard","status":"publish","type":"post","link":"https:\/\/elinformante.mx\/?p=22820","title":{"rendered":"\u201cEl tr\u00e1fico de armas debe ser considerado delito grave\u201d: Ebrard"},"content":{"rendered":"\n<blockquote class=\"wp-block-quote is-layout-flow wp-block-quote-is-layout-flow\">\n<p>Ebrard dijo que el pasado 14 de marzo, M\u00e9xico present\u00f3 su escrito de apelaci\u00f3n en contra de la sentencia emitida por la Corte de Distrito de Boston, Massachusetts.<\/p>\n<\/blockquote>\n\n\n\n<p>El secretario de Relaciones Exteriores (SRE), Marcelo Ebrard Casaub\u00f3n, inform\u00f3 hoy que se prepara una iniciativa de ley para que el tr\u00e1fico de armas ilegales en M\u00e9xico sea un delito grave en nuestro pa\u00eds.<br><\/p>\n\n\n\n<p>El canciller mexicano dijo que la iniciativa fue presentada durante una reuni\u00f3n que sostuvo la ma\u00f1ana de este mi\u00e9rcoles con el titular de la Fiscal\u00eda General de la Rep\u00fablica (FGR), Alejandro Gertz Manero, y los titulares de las 32 fiscalias estatales.<br><\/p>\n\n\n\n<p>\u201cLa sugerencia que se hizo por parte de la Fiscal\u00eda General de la Rep\u00fablica, es que va preparar una iniciativa de ley para reformar las disposiciones penales, porque no es un delito grave hoy en M\u00e9xico, entonces una de las grandes conclusiones de la reuni\u00f3n fue esa\u201d, dijo.<br><\/p>\n\n\n\n<p>A la par, Ebrard dijo que el pasado 14 de marzo, M\u00e9xico present\u00f3 su escrito de apelaci\u00f3n en contra de la sentencia emitida por la Corte de Distrito de Boston, Massachusetts.<br><\/p>\n\n\n\n<p>Ebrard record\u00f3 que dicha decisi\u00f3n determin\u00f3 que una ley de inmunidades en Estados Unidos protege a las empresas manufactureras de armas en ese pa\u00eds, aun cuando sus conductas causen un da\u00f1o en M\u00e9xico.<br><\/p>\n\n\n\n<p>La Canciller\u00eda inform\u00f3 que \u201cen una clara muestra de apoyo a los esfuerzos del Gobierno de M\u00e9xico\u201d, el d\u00eda de ayer se presentaron nueve escritos de Amigos de la Corte firmados por diferentes colectivos de v\u00edctimas, fiscales de Estados Unidos y m\u00e1s.<br><\/p>\n\n\n\n<p>\u201cEl respaldo recibido no s\u00f3lo es muestra de la confianza en la solidez de los argumentos mexicanos, sino que refleja tambi\u00e9n el creciente activismo en favor de un mayor control de armas y de un comercio responsable\u201d, inform\u00f3 la Canciller\u00eda.<br><\/p>\n\n\n\n<p>Por otro lado, Ebrard dijo que el Ej\u00e9rcito mexicano adquiri\u00f3 tecnolog\u00eda para detectar armas ilegales en las fronteras de M\u00e9xico y EU.<br><\/p>\n\n\n\n<p>\u201cLa Secretar\u00eda de la Defensa Nacional inform\u00f3 que adquiri\u00f3 287 equipos para controlar las salidas e ingresos a M\u00e9xico con material equipos no intrusivos que van a permitir por primera vez tener una vigilancia con tecnolog\u00eda adecuada Rayos X en toda la frontera, no lo tienen los americanos, ya nos informaron que ellos lo van a hacer tambi\u00e9n\u201d, dijo.<\/p>\n","protected":false},"excerpt":{"rendered":"<p>Ebrard dijo que el pasado 14 de marzo, M\u00e9xico present\u00f3 su escrito de apelaci\u00f3n en contra de la sentencia emitida por la Corte de Distrito de Boston, Massachusetts. El secretario de Relaciones Exteriores (SRE), Marcelo Ebrard Casaub\u00f3n, inform\u00f3 hoy que se prepara una iniciativa de ley para que el tr\u00e1fico de armas ilegales en M\u00e9xico [&hellip;]<\/p>\n","protected":false},"author":1,"featured_media":22821,"comment_status":"closed","ping_status":"closed","sticky":false,"template":"","format":"standard","meta":{"footnotes":""},"categories":[34],"tags":[],"class_list":["post-22820","post","type-post","status-publish","format-standard","has-post-thumbnail","hentry","category-nacional"],"_links":{"self":[{"href":"https:\/\/elinformante.mx\/index.php?rest_route=\/wp\/v2\/posts\/22820","targetHints":{"allow":["GET"]}}],"collection":[{"href":"https:\/\/elinformante.mx\/index.php?rest_route=\/wp\/v2\/posts"}],"about":[{"href":"https:\/\/elinformante.mx\/index.php?rest_route=\/wp\/v2\/types\/post"}],"author":[{"embeddable":true,"href":"https:\/\/elinformante.mx\/index.php?rest_route=\/wp\/v2\/users\/1"}],"replies":[{"embeddable":true,"href":"https:\/\/elinformante.mx\/index.php?rest_route=%2Fwp%2Fv2%2Fcomments&post=22820"}],"version-history":[{"count":0,"href":"https:\/\/elinformante.mx\/index.php?rest_route=\/wp\/v2\/posts\/22820\/revisions"}],"wp:featuredmedia":[{"embeddable":true,"href":"https:\/\/elinformante.mx\/index.php?rest_route=\/wp\/v2\/media\/22821"}],"wp:attachment":[{"href":"https:\/\/elinformante.mx\/index.php?rest_route=%2Fwp%2Fv2%2Fmedia&parent=22820"}],"wp:term":[{"taxonomy":"category","embeddable":true,"href":"https:\/\/elinformante.mx\/index.php?rest_route=%2Fwp%2Fv2%2Fcategories&post=22820"},{"taxonomy":"post_tag","embeddable":true,"href":"https:\/\/elinformante.mx\/index.php?rest_route=%2Fwp%2Fv2%2Ftags&post=22820"}],"curies":[{"name":"wp","href":"https:\/\/api.w.org\/{rel}","templated":true}]}}