{"id":22825,"date":"2023-03-23T14:55:06","date_gmt":"2023-03-23T14:55:06","guid":{"rendered":"https:\/\/elinformante.mx\/?p=22825"},"modified":"2023-03-23T14:55:07","modified_gmt":"2023-03-23T14:55:07","slug":"no-vamos-a-permitir-que-se-ofenda-a-mexico-amlo","status":"publish","type":"post","link":"https:\/\/elinformante.mx\/?p=22825","title":{"rendered":"No vamos a permitir que se ofenda a M\u00e9xico: AMLO"},"content":{"rendered":"\n<blockquote class=\"wp-block-quote is-layout-flow wp-block-quote-is-layout-flow\">\n<p>El presidente Andr\u00e9s Manuel L\u00f3pez Obrador afirm\u00f3 que en su gobierno no se cometen torturas ni se persigue a nadie y arremeti\u00f3 contra el informe sobre DDHH de Estados Unidos.<\/p>\n<\/blockquote>\n\n\n\n<p>El presidente Andr\u00e9s Manuel L\u00f3pez Obrador afirm\u00f3 que no permitir\u00e1 que se ofenda a M\u00e9xico y calific\u00f3 como \u201cbodrio\u201d y \u201ccalumnia\u201d al informe anual sobre derechos humanos de Estados Unidos, el cual acusa a autoridades mexicanas de tortura y violencia y critica el trato del mandatario mexicano a periodistas y activistas.<br><\/p>\n\n\n\n<p>\u201cVamos nosotros a continuar manteniendo buenas relaciones con el Gobierno [de EU], pero no vamos a permitir que se ofenda a M\u00e9xico\u201d, declar\u00f3 este mi\u00e9rcoles durante la conferencia de prensa matutina en Palacio Nacional.<br><\/p>\n\n\n\n<p>\u201c\u00bfC\u00f3mo es eso de que torturamos? A ver, las pruebas. \u00bfQu\u00e9 tenemos que ver con lo que hac\u00eda [Genaro] Garc\u00eda Luna o Tom\u00e1s Zer\u00f3n?\u201d, cuestion\u00f3.<br><\/p>\n\n\n\n<p>El mandatario tambi\u00e9n afirm\u00f3 que el reporte del Departamento de Estado de EU no tiene sustento y significa una \u201cviolaci\u00f3n flagrante al derecho internacional\u201d. Asimismo, agreg\u00f3 que en M\u00e9xico no se cometen masacres, sino que se garantiza la libertad de expresi\u00f3n, \u201cno se persigue a nadie, no se reprime a nadie\u201d.<br><\/p>\n\n\n\n<p>\u201cEn M\u00e9xico, el Estado ha dejado de ser el principal violador de los derechos humanos\u201d, asever\u00f3.<br><\/p>\n\n\n\n<p>Al mismo tiempo, acus\u00f3 a la instituci\u00f3n estadounidense de proteger al \u201cconservadurismo en Am\u00e9rica Latina, del Caribe y del Mundo\u201d. Agreg\u00f3 que dicho organismo de gobierno carece de sustento y \u201cutiliza la calumnia\u201d.<br><\/p>\n\n\n\n<figure class=\"wp-block-image size-large\"><img fetchpriority=\"high\" decoding=\"async\" width=\"1024\" height=\"503\" src=\"https:\/\/elinformante.mx\/wp-content\/uploads\/2023\/03\/no-vamos-2-1024x503.jpg\" alt=\"\" class=\"wp-image-22827\" srcset=\"https:\/\/elinformante.mx\/wp-content\/uploads\/2023\/03\/no-vamos-2-1024x503.jpg 1024w, https:\/\/elinformante.mx\/wp-content\/uploads\/2023\/03\/no-vamos-2-300x147.jpg 300w, https:\/\/elinformante.mx\/wp-content\/uploads\/2023\/03\/no-vamos-2-768x377.jpg 768w, https:\/\/elinformante.mx\/wp-content\/uploads\/2023\/03\/no-vamos-2-580x285.jpg 580w, https:\/\/elinformante.mx\/wp-content\/uploads\/2023\/03\/no-vamos-2-860x422.jpg 860w, https:\/\/elinformante.mx\/wp-content\/uploads\/2023\/03\/no-vamos-2.jpg 1140w\" sizes=\"(max-width: 1024px) 100vw, 1024px\" \/><\/figure>\n\n\n\n<p>\u201cPueden contestarme lo que quieran pero no tienen pruebas, son calumniadores, mentirosos\u201d, concluy\u00f3.<br><\/p>\n\n\n\n<p>Por \u00faltimo, sostuvo que \u201chay mucha hipocres\u00eda\u201d en el reporte del Departamento de Estado, que tambi\u00e9n analiza a otros pa\u00edses como Cuba. Sobre esto, conden\u00f3 el bloqueo a comercial a dicha naci\u00f3n, el cual consider\u00f3 como \u201cuna flagrante violaci\u00f3n a los derechos humanos\u201d.<br><\/p>\n\n\n\n<p>L\u00f3pez Obrador se refiri\u00f3 al reporte anual que elabora por el Departamento de Estado sobre derechos humanos para entregar al Congreso y en el que denuncia los \u201caltos niveles de impunidad\u201d, la violencia del crimen organizado y los ataques a migrantes.<br><\/p>\n\n\n\n<p>En particular, acusa a fuerzas de seguridad de todos los niveles en M\u00e9xico de asesinatos extrajudiciales, desaparici\u00f3n forzada y arrestos arbitrarios.<br><\/p>\n\n\n\n<p>Mientras que se\u00f1ala al presidente mexicano por \u201cdesacreditar\u201d a periodistas y organizaciones de la sociedad civil en sus conferencias de prensa diarias.<br><\/p>\n\n\n\n<p>El reporte se publica mientras crece la presi\u00f3n en EU para que M\u00e9xico act\u00fae contra los c\u00e1rteles de la droga y el tr\u00e1fico de fentanilo, en particular tras el secuestro este mes de cuatro estadounidenses en la frontera entre ambos pa\u00edses, donde asesinaron a dos de ellos.<\/p>\n","protected":false},"excerpt":{"rendered":"<p>El presidente Andr\u00e9s Manuel L\u00f3pez Obrador afirm\u00f3 que en su gobierno no se cometen torturas ni se persigue a nadie y arremeti\u00f3 contra el informe sobre DDHH de Estados Unidos. El presidente Andr\u00e9s Manuel L\u00f3pez Obrador afirm\u00f3 que no permitir\u00e1 que se ofenda a M\u00e9xico y calific\u00f3 como \u201cbodrio\u201d y \u201ccalumnia\u201d al informe anual sobre [&hellip;]<\/p>\n","protected":false},"author":1,"featured_media":22826,"comment_status":"closed","ping_status":"closed","sticky":false,"template":"","format":"standard","meta":{"footnotes":""},"categories":[34],"tags":[],"class_list":["post-22825","post","type-post","status-publish","format-standard","has-post-thumbnail","hentry","category-nacional"],"_links":{"self":[{"href":"https:\/\/elinformante.mx\/index.php?rest_route=\/wp\/v2\/posts\/22825","targetHints":{"allow":["GET"]}}],"collection":[{"href":"https:\/\/elinformante.mx\/index.php?rest_route=\/wp\/v2\/posts"}],"about":[{"href":"https:\/\/elinformante.mx\/index.php?rest_route=\/wp\/v2\/types\/post"}],"author":[{"embeddable":true,"href":"https:\/\/elinformante.mx\/index.php?rest_route=\/wp\/v2\/users\/1"}],"replies":[{"embeddable":true,"href":"https:\/\/elinformante.mx\/index.php?rest_route=%2Fwp%2Fv2%2Fcomments&post=22825"}],"version-history":[{"count":0,"href":"https:\/\/elinformante.mx\/index.php?rest_route=\/wp\/v2\/posts\/22825\/revisions"}],"wp:featuredmedia":[{"embeddable":true,"href":"https:\/\/elinformante.mx\/index.php?rest_route=\/wp\/v2\/media\/22826"}],"wp:attachment":[{"href":"https:\/\/elinformante.mx\/index.php?rest_route=%2Fwp%2Fv2%2Fmedia&parent=22825"}],"wp:term":[{"taxonomy":"category","embeddable":true,"href":"https:\/\/elinformante.mx\/index.php?rest_route=%2Fwp%2Fv2%2Fcategories&post=22825"},{"taxonomy":"post_tag","embeddable":true,"href":"https:\/\/elinformante.mx\/index.php?rest_route=%2Fwp%2Fv2%2Ftags&post=22825"}],"curies":[{"name":"wp","href":"https:\/\/api.w.org\/{rel}","templated":true}]}}