{"id":23089,"date":"2023-03-28T14:27:31","date_gmt":"2023-03-28T14:27:31","guid":{"rendered":"https:\/\/elinformante.mx\/?p=23089"},"modified":"2023-03-28T14:27:32","modified_gmt":"2023-03-28T14:27:32","slug":"turismo-en-guerrero-crece-un-6-este-2023-evelyn-salgado","status":"publish","type":"post","link":"https:\/\/elinformante.mx\/?p=23089","title":{"rendered":"Turismo en Guerrero crece un 6% este 2023: Evelyn Salgado"},"content":{"rendered":"\n<blockquote class=\"wp-block-quote is-layout-flow wp-block-quote-is-layout-flow\">\n<p>La gobernadora se\u00f1al\u00f3 que hoy el turismo se est\u00e1 diversificando al agregar nuevos proyectos como el de Cumbre del Cielo en la parte baja de la Sierra del estado.<\/p>\n<\/blockquote>\n\n\n\n<p>La gobernadora de Guerrero, Evelyn Salgado Pineda, afirm\u00f3 que el estado ha tenido un crecimiento de un seis por ciento en materia tur\u00edstica durante estos primeros meses del 2023, en comparaci\u00f3n a las cifras registradas durante el 2019, que fue considerado como el mejor a\u00f1o en este rubro.<br><\/p>\n\n\n\n<p>En conferencia de prensa en el stands de Guerrero en el Tianguis Tur\u00edstico 2023, la gobernadora indic\u00f3 que hoy en d\u00eda el turismo se est\u00e1 diversificando al agregar nuevos proyectos como el de Cumbre del Cielo en la parte baja de la Sierra.<br><\/p>\n\n\n\n<p>\u201cTenemos mucho que ofrecer en Guerrero, un estado que tambi\u00e9n lo tiene todo, desde la ruta del mezcal, del caf\u00e9 y una diversa gastronom\u00eda que s\u00ed podemos presumir, estamos explorando diferentes v\u00edas y diferentes rutas\u201d, expres\u00f3.<br><\/p>\n\n\n\n<figure class=\"wp-block-image size-large\"><img fetchpriority=\"high\" decoding=\"async\" width=\"1024\" height=\"503\" src=\"https:\/\/elinformante.mx\/wp-content\/uploads\/2023\/03\/turismo-1024x503.jpg\" alt=\"\" class=\"wp-image-23091\" srcset=\"https:\/\/elinformante.mx\/wp-content\/uploads\/2023\/03\/turismo-1024x503.jpg 1024w, https:\/\/elinformante.mx\/wp-content\/uploads\/2023\/03\/turismo-300x147.jpg 300w, https:\/\/elinformante.mx\/wp-content\/uploads\/2023\/03\/turismo-768x377.jpg 768w, https:\/\/elinformante.mx\/wp-content\/uploads\/2023\/03\/turismo-580x285.jpg 580w, https:\/\/elinformante.mx\/wp-content\/uploads\/2023\/03\/turismo-860x422.jpg 860w, https:\/\/elinformante.mx\/wp-content\/uploads\/2023\/03\/turismo.jpg 1140w\" sizes=\"(max-width: 1024px) 100vw, 1024px\" \/><\/figure>\n\n\n\n<p>Acompa\u00f1ada por los presidentes y presidentas de los municipios de Acapulco, Taxco, Zihuatanejo y Chichihualco, la gobernadora a\u00f1adi\u00f3 que Guerrero tiene diferentes tintes, playas hermosas con colores y sabores para todos los gustos.<br><\/p>\n\n\n\n<p>Asegur\u00f3 que Guerrero seguir\u00e1 creciendo en la medida en la que tambi\u00e9n se est\u00e9 trabajando de manera coordinada como se ha estado haciendo hasta ahora.<br><\/p>\n\n\n\n<p>Dijo que se har\u00e1 un gran esfuerzo para integrar m\u00e1s municipios a la actividad tur\u00edstica que se tiene en todo Guerrero como la Sierra, que por primera vez se incluye en el Tianguis Tur\u00edstico.<br><\/p>\n\n\n\n<p>Por otro lado, Salgado Pineda asegur\u00f3 que el Tianguis Tur\u00edstico seguir\u00e1 siendo compartido cada a\u00f1o con otros estados hermanos, \u201cesta parte de itinerante s\u00ed nos ayuda, porque si le va bien a M\u00e9xico, le va bien a todos los estados con los que tenemos lazos de amistad\u201d.<\/p>\n","protected":false},"excerpt":{"rendered":"<p>La gobernadora se\u00f1al\u00f3 que hoy el turismo se est\u00e1 diversificando al agregar nuevos proyectos como el de Cumbre del Cielo en la parte baja de la Sierra del estado. La gobernadora de Guerrero, Evelyn Salgado Pineda, afirm\u00f3 que el estado ha tenido un crecimiento de un seis por ciento en materia tur\u00edstica durante estos primeros [&hellip;]<\/p>\n","protected":false},"author":1,"featured_media":23090,"comment_status":"closed","ping_status":"closed","sticky":false,"template":"","format":"standard","meta":{"footnotes":""},"categories":[30,34],"tags":[],"class_list":["post-23089","post","type-post","status-publish","format-standard","has-post-thumbnail","hentry","category-destacado","category-nacional"],"_links":{"self":[{"href":"https:\/\/elinformante.mx\/index.php?rest_route=\/wp\/v2\/posts\/23089","targetHints":{"allow":["GET"]}}],"collection":[{"href":"https:\/\/elinformante.mx\/index.php?rest_route=\/wp\/v2\/posts"}],"about":[{"href":"https:\/\/elinformante.mx\/index.php?rest_route=\/wp\/v2\/types\/post"}],"author":[{"embeddable":true,"href":"https:\/\/elinformante.mx\/index.php?rest_route=\/wp\/v2\/users\/1"}],"replies":[{"embeddable":true,"href":"https:\/\/elinformante.mx\/index.php?rest_route=%2Fwp%2Fv2%2Fcomments&post=23089"}],"version-history":[{"count":0,"href":"https:\/\/elinformante.mx\/index.php?rest_route=\/wp\/v2\/posts\/23089\/revisions"}],"wp:featuredmedia":[{"embeddable":true,"href":"https:\/\/elinformante.mx\/index.php?rest_route=\/wp\/v2\/media\/23090"}],"wp:attachment":[{"href":"https:\/\/elinformante.mx\/index.php?rest_route=%2Fwp%2Fv2%2Fmedia&parent=23089"}],"wp:term":[{"taxonomy":"category","embeddable":true,"href":"https:\/\/elinformante.mx\/index.php?rest_route=%2Fwp%2Fv2%2Fcategories&post=23089"},{"taxonomy":"post_tag","embeddable":true,"href":"https:\/\/elinformante.mx\/index.php?rest_route=%2Fwp%2Fv2%2Ftags&post=23089"}],"curies":[{"name":"wp","href":"https:\/\/api.w.org\/{rel}","templated":true}]}}