{"id":23123,"date":"2023-03-28T15:08:23","date_gmt":"2023-03-28T15:08:23","guid":{"rendered":"https:\/\/elinformante.mx\/?p=23123"},"modified":"2023-03-28T15:08:24","modified_gmt":"2023-03-28T15:08:24","slug":"sandra-cuevas-visita-al-expresidente-jose-mujica","status":"publish","type":"post","link":"https:\/\/elinformante.mx\/?p=23123","title":{"rendered":"Sandra Cuevas visita al expresidente Jos\u00e9 Mujica"},"content":{"rendered":"\n<blockquote class=\"wp-block-quote is-layout-flow wp-block-quote-is-layout-flow\">\n<p>Viaj\u00f3 a Uruguay el fin de semana para reunirse con el ex mandatario de la naci\u00f3n sudamericana.<\/p>\n<\/blockquote>\n\n\n\n<p>La alcaldesa de Cuauht\u00e9moc, Sandra Cuevas, viaj\u00f3 a Uruguay para visitar al ex presidente, Jos\u00e9 Mujica, a quien le reconoci\u00f3 su franqueza.<br><\/p>\n\n\n\n<p>\u201cSer franco nos trae muchos problemas pero nos da transparencia, la gente sabe c\u00f3mo somos realmente, no tenemos otra cara, somos aut\u00e9nticos\u201d, comparti\u00f3 en un comunicado. La alcaldesa de Cuauht\u00e9moc asegur\u00f3 que uno de los prop\u00f3sitos de 2023 de la edil era revisar las mejores pr\u00e1cticas internacionales, sus personajes y sus acciones.<br><\/p>\n\n\n\n<figure class=\"wp-block-image size-large\"><img fetchpriority=\"high\" decoding=\"async\" width=\"1024\" height=\"503\" src=\"https:\/\/elinformante.mx\/wp-content\/uploads\/2023\/03\/sandra-2-1024x503.jpg\" alt=\"\" class=\"wp-image-23125\" srcset=\"https:\/\/elinformante.mx\/wp-content\/uploads\/2023\/03\/sandra-2-1024x503.jpg 1024w, https:\/\/elinformante.mx\/wp-content\/uploads\/2023\/03\/sandra-2-300x147.jpg 300w, https:\/\/elinformante.mx\/wp-content\/uploads\/2023\/03\/sandra-2-768x377.jpg 768w, https:\/\/elinformante.mx\/wp-content\/uploads\/2023\/03\/sandra-2-580x285.jpg 580w, https:\/\/elinformante.mx\/wp-content\/uploads\/2023\/03\/sandra-2-860x422.jpg 860w, https:\/\/elinformante.mx\/wp-content\/uploads\/2023\/03\/sandra-2.jpg 1140w\" sizes=\"(max-width: 1024px) 100vw, 1024px\" \/><\/figure>\n\n\n\n<p>\u201cA tres meses de esta lista de buenos deseos, visito en Uruguay al ex presidente Jos\u00e9 Mujica, uno de los personajes continentales m\u00e1s referidos por su humanidad y buen gobierno, por darle a la pol\u00edtica ese aire de ciudadano com\u00fan, de solidaridad, de austeridad y cercan\u00eda con los temas cotidianos de la gente\u201d, se\u00f1al\u00f3 la alcaldesa.<br><\/p>\n\n\n\n<p>Por \u00faltimo, Cuevas se comprometi\u00f3 a retomar su ejemplo de vida y sus acciones como gobernante.<\/p>\n","protected":false},"excerpt":{"rendered":"<p>Viaj\u00f3 a Uruguay el fin de semana para reunirse con el ex mandatario de la naci\u00f3n sudamericana. La alcaldesa de Cuauht\u00e9moc, Sandra Cuevas, viaj\u00f3 a Uruguay para visitar al ex presidente, Jos\u00e9 Mujica, a quien le reconoci\u00f3 su franqueza. \u201cSer franco nos trae muchos problemas pero nos da transparencia, la gente sabe c\u00f3mo somos realmente, [&hellip;]<\/p>\n","protected":false},"author":1,"featured_media":23124,"comment_status":"closed","ping_status":"closed","sticky":false,"template":"","format":"standard","meta":{"footnotes":""},"categories":[35],"tags":[],"class_list":["post-23123","post","type-post","status-publish","format-standard","has-post-thumbnail","hentry","category-cdmx"],"_links":{"self":[{"href":"https:\/\/elinformante.mx\/index.php?rest_route=\/wp\/v2\/posts\/23123","targetHints":{"allow":["GET"]}}],"collection":[{"href":"https:\/\/elinformante.mx\/index.php?rest_route=\/wp\/v2\/posts"}],"about":[{"href":"https:\/\/elinformante.mx\/index.php?rest_route=\/wp\/v2\/types\/post"}],"author":[{"embeddable":true,"href":"https:\/\/elinformante.mx\/index.php?rest_route=\/wp\/v2\/users\/1"}],"replies":[{"embeddable":true,"href":"https:\/\/elinformante.mx\/index.php?rest_route=%2Fwp%2Fv2%2Fcomments&post=23123"}],"version-history":[{"count":0,"href":"https:\/\/elinformante.mx\/index.php?rest_route=\/wp\/v2\/posts\/23123\/revisions"}],"wp:featuredmedia":[{"embeddable":true,"href":"https:\/\/elinformante.mx\/index.php?rest_route=\/wp\/v2\/media\/23124"}],"wp:attachment":[{"href":"https:\/\/elinformante.mx\/index.php?rest_route=%2Fwp%2Fv2%2Fmedia&parent=23123"}],"wp:term":[{"taxonomy":"category","embeddable":true,"href":"https:\/\/elinformante.mx\/index.php?rest_route=%2Fwp%2Fv2%2Fcategories&post=23123"},{"taxonomy":"post_tag","embeddable":true,"href":"https:\/\/elinformante.mx\/index.php?rest_route=%2Fwp%2Fv2%2Ftags&post=23123"}],"curies":[{"name":"wp","href":"https:\/\/api.w.org\/{rel}","templated":true}]}}