{"id":23130,"date":"2023-03-28T15:11:00","date_gmt":"2023-03-28T15:11:00","guid":{"rendered":"https:\/\/elinformante.mx\/?p=23130"},"modified":"2023-03-28T15:11:01","modified_gmt":"2023-03-28T15:11:01","slug":"lopez-obrador-lanza-plan-c-ni-un-voto-a-los-conservadores-y-si-a-4t","status":"publish","type":"post","link":"https:\/\/elinformante.mx\/?p=23130","title":{"rendered":"L\u00f3pez Obrador lanza Plan C; \u00a1Ni un voto a los conservadores y si a 4T!"},"content":{"rendered":"\n<blockquote class=\"wp-block-quote is-layout-flow wp-block-quote-is-layout-flow\">\n<p>AMLO dijo que su \u2018Plan C\u2019 electoral es \u2018ni un voto a los conservadores\u2019 y que s\u00ed se sufrague por la transformaci\u00f3n que impulsa su Gobierno.<\/p>\n<\/blockquote>\n\n\n\n<p>El presidente Andr\u00e9s Manuel L\u00f3pez Obrador dijo que el \u201cPlan C\u201d electoral de su Gobierno es que se vote por la Cuarta Transformaci\u00f3n y no por el \u201cbloque conservador\u201d.<br><\/p>\n\n\n\n<p>En la ma\u00f1anera, el Mandatario federal solt\u00f3: \u201cNi un voto a los conservadores\u201d.<br><\/p>\n\n\n\n<p>Ahora hay un \u2018Plan C\u2019, que no est\u00e9n pensando que ya se acab\u00f3 todo, pues que no se vote por el bloque conservador para que siga la transformaci\u00f3n, ni un voto a los conservadores, s\u00ed a la transformaci\u00f3n\u201d, lanz\u00f3 el Presidente.<br><\/p>\n\n\n\n<p>\u201cEse es el \u2018Plan C\u2019, ese ya lo aplicamos en el 18 fue el pueblo el que dijo basta, y se inici\u00f3 la transformaci\u00f3n, acabar con la corrupci\u00f3n que es el principal problema del Pa\u00eds y hemos avanzado mucho, limpiando de corrupci\u00f3n al Gobierno, de arriba a abajo, \u00bfpero c\u00f3mo se est\u00e1 llevando esta transformaci\u00f3n? Respetando la divisi\u00f3n de poderes\u201d.<br><\/p>\n\n\n\n<p>Antes lo que hab\u00eda era una Rep\u00fablica simulada donde una minor\u00eda mandaba en M\u00e9xico, \u00bfcu\u00e1ndo se hab\u00eda visto que rechazaran en el Poder Judicial, en la Suprema Corte, una ley al Presidente?\u201d.<br><\/p>\n\n\n\n<figure class=\"wp-block-image size-large\"><img fetchpriority=\"high\" decoding=\"async\" width=\"1024\" height=\"503\" src=\"https:\/\/elinformante.mx\/wp-content\/uploads\/2023\/03\/lopex2-1024x503.jpg\" alt=\"\" class=\"wp-image-23132\" srcset=\"https:\/\/elinformante.mx\/wp-content\/uploads\/2023\/03\/lopex2-1024x503.jpg 1024w, https:\/\/elinformante.mx\/wp-content\/uploads\/2023\/03\/lopex2-300x147.jpg 300w, https:\/\/elinformante.mx\/wp-content\/uploads\/2023\/03\/lopex2-768x377.jpg 768w, https:\/\/elinformante.mx\/wp-content\/uploads\/2023\/03\/lopex2-580x285.jpg 580w, https:\/\/elinformante.mx\/wp-content\/uploads\/2023\/03\/lopex2-860x422.jpg 860w, https:\/\/elinformante.mx\/wp-content\/uploads\/2023\/03\/lopex2.jpg 1140w\" sizes=\"(max-width: 1024px) 100vw, 1024px\" \/><\/figure>\n\n\n\n<p>Luego que el viernes el Ministro Javier Laynez fren\u00f3 la aplicaci\u00f3n del \u201cPlan B\u201d por tiempo indefinido, el Presidente Andr\u00e9s Manuel L\u00f3pez Obrador asegur\u00f3 que el fondo de la Corte es proteger sus salarios y los de los funcionarios del INE.<br><\/p>\n\n\n\n<p>\u201cBueno, se piensa que este Ministro se extralimit\u00f3, se excedi\u00f3 y se convierte en los hechos, en el Poder Legislativo, porque la decisi\u00f3n que tomaron los diputados y los senadores la anula, pueden haber interpretaciones a la Constituci\u00f3n, a las leyes, pero en realidad eso fue lo que hizo\u201d, indic\u00f3.<br><\/p>\n\n\n\n<p>\u201cLo importante es saber por qu\u00e9 act\u00faan as\u00ed, yo creo que la mayor\u00eda sabe que no es un asunto jur\u00eddico, es un asunto pol\u00edtico y yo dir\u00eda mercantil porque lo que no quieren, ni siquiera es que se declare constitucional la ley electoral, lo que no quieren es que se reduzcan los sueldos de los altos funcionarios del INE, en eso consiste todo, en eso consiste el INE no se toca, porque en la ley electoral se establecen topes de acuerdo a la Constituci\u00f3n porque nadie puede ganar m\u00e1s que el presidente\u201d, acus\u00f3 AMLO.<br><\/p>\n\n\n\n<p>\u201cY as\u00ed como le hizo este Ministro, no s\u00e9 si \u00e9l mismo, u otro, empezaron a otorgar amparos para que estos funcionarios de organismos supuestamente aut\u00f3nomos, que s\u00ed son aut\u00f3nomos del pueblo pero no del poder econ\u00f3mico y pol\u00edtico\u201d.<br><\/p>\n\n\n\n<p>Bueno, los mismos Ministros de la Corte violan la ley, ganan m\u00e1s que el Presidente, en el fondo lo que no quieren es que de reduzcan los sueldos\u201d.<br><\/p>\n\n\n\n<p>\u201cNosotros vamos a continuar por la v\u00eda legal y si al final final rechazan la ley electoral para que haya una democracia y no una oligarqu\u00eda, no un gobierno de los potentados, con sus achichincles, voceros, intelectuales org\u00e1nicos, y mucha gente con pensamiento conservador a los que respetamos mucho, ese es el fondo del debate\u201d, expres\u00f3.<\/p>\n","protected":false},"excerpt":{"rendered":"<p>AMLO dijo que su \u2018Plan C\u2019 electoral es \u2018ni un voto a los conservadores\u2019 y que s\u00ed se sufrague por la transformaci\u00f3n que impulsa su Gobierno. El presidente Andr\u00e9s Manuel L\u00f3pez Obrador dijo que el \u201cPlan C\u201d electoral de su Gobierno es que se vote por la Cuarta Transformaci\u00f3n y no por el \u201cbloque conservador\u201d. [&hellip;]<\/p>\n","protected":false},"author":1,"featured_media":23131,"comment_status":"closed","ping_status":"closed","sticky":false,"template":"","format":"standard","meta":{"footnotes":""},"categories":[34],"tags":[],"class_list":["post-23130","post","type-post","status-publish","format-standard","has-post-thumbnail","hentry","category-nacional"],"_links":{"self":[{"href":"https:\/\/elinformante.mx\/index.php?rest_route=\/wp\/v2\/posts\/23130","targetHints":{"allow":["GET"]}}],"collection":[{"href":"https:\/\/elinformante.mx\/index.php?rest_route=\/wp\/v2\/posts"}],"about":[{"href":"https:\/\/elinformante.mx\/index.php?rest_route=\/wp\/v2\/types\/post"}],"author":[{"embeddable":true,"href":"https:\/\/elinformante.mx\/index.php?rest_route=\/wp\/v2\/users\/1"}],"replies":[{"embeddable":true,"href":"https:\/\/elinformante.mx\/index.php?rest_route=%2Fwp%2Fv2%2Fcomments&post=23130"}],"version-history":[{"count":0,"href":"https:\/\/elinformante.mx\/index.php?rest_route=\/wp\/v2\/posts\/23130\/revisions"}],"wp:featuredmedia":[{"embeddable":true,"href":"https:\/\/elinformante.mx\/index.php?rest_route=\/wp\/v2\/media\/23131"}],"wp:attachment":[{"href":"https:\/\/elinformante.mx\/index.php?rest_route=%2Fwp%2Fv2%2Fmedia&parent=23130"}],"wp:term":[{"taxonomy":"category","embeddable":true,"href":"https:\/\/elinformante.mx\/index.php?rest_route=%2Fwp%2Fv2%2Fcategories&post=23130"},{"taxonomy":"post_tag","embeddable":true,"href":"https:\/\/elinformante.mx\/index.php?rest_route=%2Fwp%2Fv2%2Ftags&post=23130"}],"curies":[{"name":"wp","href":"https:\/\/api.w.org\/{rel}","templated":true}]}}