{"id":23468,"date":"2023-04-03T00:06:11","date_gmt":"2023-04-03T00:06:11","guid":{"rendered":"https:\/\/elinformante.mx\/?p=23468"},"modified":"2023-04-03T00:06:13","modified_gmt":"2023-04-03T00:06:13","slug":"camioneta-embiste-a-ciclista-en-san-mateo-atenco","status":"publish","type":"post","link":"https:\/\/elinformante.mx\/?p=23468","title":{"rendered":"Camioneta embiste a ciclista en San Mateo Atenco"},"content":{"rendered":"\n<p>Este domingo, un ciclista perdi\u00f3 la vida luego de haber chocado contra una camioneta que circulaba a exceso de velocidad, sobre Boulevard Sor Juana, en el municipio de San Mateo Atenco, Estado de M\u00e9xico.  <\/p>\n\n\n\n<p>Los hechos ocurrieron a las 14:00 horas, cuando el ciclista intent\u00f3 ingresar a una calle, por lo que ingres\u00f3 a la calle en sentido contrario, ocasionando que una camioneta a alta velocidad, lo embistiera. <\/p>\n\n\n\n<figure class=\"wp-block-video\"><video height=\"1080\" style=\"aspect-ratio: 1920 \/ 1080;\" width=\"1920\" controls src=\"https:\/\/elinformante.mx\/wp-content\/uploads\/2023\/04\/Horizontal-2023-04-02T180257.872.mp4\"><\/video><\/figure>\n","protected":false},"excerpt":{"rendered":"<p>Este domingo, un ciclista perdi\u00f3 la vida luego de haber chocado contra una camioneta que circulaba a exceso de velocidad, sobre Boulevard Sor Juana, en el municipio de San Mateo Atenco, Estado de M\u00e9xico. Los hechos ocurrieron a las 14:00 horas, cuando el ciclista intent\u00f3 ingresar a una calle, por lo que ingres\u00f3 a la [&hellip;]<\/p>\n","protected":false},"author":2,"featured_media":23470,"comment_status":"closed","ping_status":"closed","sticky":false,"template":"","format":"standard","meta":{"footnotes":""},"categories":[36],"tags":[],"class_list":["post-23468","post","type-post","status-publish","format-standard","has-post-thumbnail","hentry","category-edomex"],"_links":{"self":[{"href":"https:\/\/elinformante.mx\/index.php?rest_route=\/wp\/v2\/posts\/23468","targetHints":{"allow":["GET"]}}],"collection":[{"href":"https:\/\/elinformante.mx\/index.php?rest_route=\/wp\/v2\/posts"}],"about":[{"href":"https:\/\/elinformante.mx\/index.php?rest_route=\/wp\/v2\/types\/post"}],"author":[{"embeddable":true,"href":"https:\/\/elinformante.mx\/index.php?rest_route=\/wp\/v2\/users\/2"}],"replies":[{"embeddable":true,"href":"https:\/\/elinformante.mx\/index.php?rest_route=%2Fwp%2Fv2%2Fcomments&post=23468"}],"version-history":[{"count":0,"href":"https:\/\/elinformante.mx\/index.php?rest_route=\/wp\/v2\/posts\/23468\/revisions"}],"wp:featuredmedia":[{"embeddable":true,"href":"https:\/\/elinformante.mx\/index.php?rest_route=\/wp\/v2\/media\/23470"}],"wp:attachment":[{"href":"https:\/\/elinformante.mx\/index.php?rest_route=%2Fwp%2Fv2%2Fmedia&parent=23468"}],"wp:term":[{"taxonomy":"category","embeddable":true,"href":"https:\/\/elinformante.mx\/index.php?rest_route=%2Fwp%2Fv2%2Fcategories&post=23468"},{"taxonomy":"post_tag","embeddable":true,"href":"https:\/\/elinformante.mx\/index.php?rest_route=%2Fwp%2Fv2%2Ftags&post=23468"}],"curies":[{"name":"wp","href":"https:\/\/api.w.org\/{rel}","templated":true}]}}