{"id":23481,"date":"2023-04-03T13:49:37","date_gmt":"2023-04-03T13:49:37","guid":{"rendered":"https:\/\/elinformante.mx\/?p=23481"},"modified":"2023-04-03T16:03:47","modified_gmt":"2023-04-03T16:03:47","slug":"cubrio-amlo-con-manto-de-impunidad-a-ebrard-y-adan-augusto-a-pesar-de-muerte-de-migrantes-marko-cortez","status":"publish","type":"post","link":"https:\/\/elinformante.mx\/?p=23481","title":{"rendered":"\u201cCubri\u00f3 AMLO con manto de impunidad a Ebrard y Ad\u00e1n Augusto a pesar de muerte de migrantes\u201d: Marko C\u00f3rtes"},"content":{"rendered":"\n<blockquote class=\"wp-block-quote is-layout-flow wp-block-quote-is-layout-flow\">\n<p>El dirigente Marko Cort\u00e9s expres\u00f3 su preocupaci\u00f3n por la pol\u00edtica migratoria del gobierno de M\u00e9xico, denunciando la corrupci\u00f3n, la falta de atenci\u00f3n y la violaci\u00f3n a los derechos humanos en las instalaciones de detenci\u00f3n de migrantes.<\/p>\n<\/blockquote>\n\n\n\n<p>El dirigente del Partido Acci\u00f3n Nacional (PAN), Marko Cort\u00e9s Mendoza, emiti\u00f3 un comunicado de prensa en el que critica la pol\u00edtica migratoria del presidente de M\u00e9xico, Andr\u00e9s Manuel L\u00f3pez Obrador. Cort\u00e9s afirma que los responsables de la pol\u00edtica migratoria, como el Secretario de Gobernaci\u00f3n, Ad\u00e1n Augusto L\u00f3pez Hern\u00e1ndez, y el Secretario de Relaciones Exteriores, Marcelo Ebrard Casaubon, est\u00e1n actuando de manera ilegal y en la impunidad.<br><\/p>\n\n\n\n<p>Seg\u00fan Cort\u00e9s, la reciente tragedia migrante deja al descubierto varios mitos creados por L\u00f3pez Obrador. En primer lugar, Cort\u00e9s se\u00f1ala que la afirmaci\u00f3n del presidente de que nadie est\u00e1 por encima de la ley ha quedado desmentida por la ocultaci\u00f3n del crimen. En segundo lugar, Cort\u00e9s destaca la corrupci\u00f3n existente en el Instituto Nacional de Migraci\u00f3n (INM), lo que desacredita la idea de que los militares son la soluci\u00f3n para todos los problemas. En tercer lugar, Cort\u00e9s denuncia la violaci\u00f3n a los derechos humanos en el centro de detenci\u00f3n de Ciudad Ju\u00e1rez y en otras instalaciones del pa\u00eds.<br><\/p>\n\n\n\n<p>\u201cLa tragedia migrante derrumb\u00f3 varios mitos creados por L\u00f3pez Obrador, en primer lugar, ech\u00f3 por tierra su mentira de que nadie est\u00e1 por encima de la ley. L\u00f3pez Obrador intent\u00f3 ocultar el crimen y lo hubiera logrado si no se conoce el video de la tragedia\u201d, dijo Cort\u00e9s Mendoza.<br><\/p>\n\n\n\n<p>Cort\u00e9s tambi\u00e9n exige al gobierno revelar el \u201cacuerdo secreto\u201d del 15 de noviembre de 2018, en el que M\u00e9xico se convirti\u00f3 en un \u201ctercer pa\u00eds seguro\u201d para los migrantes que solicitan asilo en Estados Unidos. Seg\u00fan el entonces secretario de Estado de Estados Unidos, Mike Pompeo, acept\u00f3 el acuerdo pero demand\u00f3 que se mantuviera en secreto para no afectar la imagen p\u00fablica de L\u00f3pez Obrador.<br><\/p>\n\n\n\n<p>\u201cLa migraci\u00f3n no debe ser una condena a muerte en un pa\u00eds donde impera la corrupci\u00f3n, la falta de atenci\u00f3n y la violaci\u00f3n a los derechos humanos\u201d, a\u00f1adi\u00f3.<\/p>\n","protected":false},"excerpt":{"rendered":"<p>El dirigente Marko Cort\u00e9s expres\u00f3 su preocupaci\u00f3n por la pol\u00edtica migratoria del gobierno de M\u00e9xico, denunciando la corrupci\u00f3n, la falta de atenci\u00f3n y la violaci\u00f3n a los derechos humanos en las instalaciones de detenci\u00f3n de migrantes. El dirigente del Partido Acci\u00f3n Nacional (PAN), Marko Cort\u00e9s Mendoza, emiti\u00f3 un comunicado de prensa en el que critica [&hellip;]<\/p>\n","protected":false},"author":1,"featured_media":23482,"comment_status":"closed","ping_status":"closed","sticky":false,"template":"","format":"standard","meta":{"footnotes":""},"categories":[30,31],"tags":[],"class_list":["post-23481","post","type-post","status-publish","format-standard","has-post-thumbnail","hentry","category-destacado","category-portada"],"_links":{"self":[{"href":"https:\/\/elinformante.mx\/index.php?rest_route=\/wp\/v2\/posts\/23481","targetHints":{"allow":["GET"]}}],"collection":[{"href":"https:\/\/elinformante.mx\/index.php?rest_route=\/wp\/v2\/posts"}],"about":[{"href":"https:\/\/elinformante.mx\/index.php?rest_route=\/wp\/v2\/types\/post"}],"author":[{"embeddable":true,"href":"https:\/\/elinformante.mx\/index.php?rest_route=\/wp\/v2\/users\/1"}],"replies":[{"embeddable":true,"href":"https:\/\/elinformante.mx\/index.php?rest_route=%2Fwp%2Fv2%2Fcomments&post=23481"}],"version-history":[{"count":0,"href":"https:\/\/elinformante.mx\/index.php?rest_route=\/wp\/v2\/posts\/23481\/revisions"}],"wp:featuredmedia":[{"embeddable":true,"href":"https:\/\/elinformante.mx\/index.php?rest_route=\/wp\/v2\/media\/23482"}],"wp:attachment":[{"href":"https:\/\/elinformante.mx\/index.php?rest_route=%2Fwp%2Fv2%2Fmedia&parent=23481"}],"wp:term":[{"taxonomy":"category","embeddable":true,"href":"https:\/\/elinformante.mx\/index.php?rest_route=%2Fwp%2Fv2%2Fcategories&post=23481"},{"taxonomy":"post_tag","embeddable":true,"href":"https:\/\/elinformante.mx\/index.php?rest_route=%2Fwp%2Fv2%2Ftags&post=23481"}],"curies":[{"name":"wp","href":"https:\/\/api.w.org\/{rel}","templated":true}]}}