{"id":23484,"date":"2023-04-03T13:51:09","date_gmt":"2023-04-03T13:51:09","guid":{"rendered":"https:\/\/elinformante.mx\/?p=23484"},"modified":"2023-04-03T13:51:10","modified_gmt":"2023-04-03T13:51:10","slug":"delfina-y-alejandra-arrancan-campanas-en-el-edomex","status":"publish","type":"post","link":"https:\/\/elinformante.mx\/?p=23484","title":{"rendered":"Delfina y Alejandra arrancan Campa\u00f1as en el Edom\u00e9x"},"content":{"rendered":"\n<blockquote class=\"wp-block-quote is-layout-flow wp-block-quote-is-layout-flow\">\n<p>Ambas candidatas iniciar\u00e1n sus campa\u00f1as proselitistas; Del Moral en Cuautitl\u00e1n Izcalli y Delfina G\u00f3mez en Texcoco.<\/p>\n<\/blockquote>\n\n\n\n<p>En el primer minuto de este lunes 3 de abril se ponen en marcha las campa\u00f1as proselitistas de las candidatas a la gubernatura del Estado de M\u00e9xico; Alejandra del Moral Vela lo har\u00e1 en su natal Cuautitl\u00e1n Izcalli, en el Parque de las Esculturas, y Delfina G\u00f3mez \u00c1lvarez arrancar\u00e1 con una caminata en el parque central de Texcoco, donde vive.<br><\/p>\n\n\n\n<p>Horas m\u00e1s tarde, a las 10:30 horas, Alejandra del Moral Vela, candidata de la coalici\u00f3n denominada \u201cVa por el Estado de M\u00e9xico\u201d, que integran los partidos Revolucionario Institucional (PRI), Acci\u00f3n Nacional (PAN), de la Revoluci\u00f3n Democr\u00e1tica (PRD) y Nueva Alianza Estado de M\u00e9xico, encabezar\u00e1 un acto masivo con militantes y simpatizantes de la zona oriente de la entidad, en el parque de beisbol del municipio de La Paz.<br><\/p>\n\n\n\n<figure class=\"wp-block-image size-large\"><img fetchpriority=\"high\" decoding=\"async\" width=\"1024\" height=\"503\" src=\"https:\/\/elinformante.mx\/wp-content\/uploads\/2023\/04\/delfina-4-1024x503.jpg\" alt=\"\" class=\"wp-image-23486\" srcset=\"https:\/\/elinformante.mx\/wp-content\/uploads\/2023\/04\/delfina-4-1024x503.jpg 1024w, https:\/\/elinformante.mx\/wp-content\/uploads\/2023\/04\/delfina-4-300x147.jpg 300w, https:\/\/elinformante.mx\/wp-content\/uploads\/2023\/04\/delfina-4-768x377.jpg 768w, https:\/\/elinformante.mx\/wp-content\/uploads\/2023\/04\/delfina-4-580x285.jpg 580w, https:\/\/elinformante.mx\/wp-content\/uploads\/2023\/04\/delfina-4-860x422.jpg 860w, https:\/\/elinformante.mx\/wp-content\/uploads\/2023\/04\/delfina-4.jpg 1140w\" sizes=\"(max-width: 1024px) 100vw, 1024px\" \/><\/figure>\n\n\n\n<p>El primer d\u00eda de campa\u00f1a de la candidata del PRI-PAN-PRD-PANAL cerrar\u00e1 para Alejandra del Moral Vela en Atizap\u00e1n de Zaragoza, en el campo de futbol Margarita Maza, a las 14:30 horas, donde se prev\u00e9 la presencia de m\u00e1s de 10 mil seguidores de municipios del Valle de M\u00e9xico.<br><\/p>\n\n\n\n<p>Por su parte, la maestra Delfina G\u00f3mez \u00c1lvarez, candidata com\u00fan del Movimiento de Regeneraci\u00f3n Nacional (Morena), Partido del Trabajo (PT) y Partido Verde Ecologista de M\u00e9xico (PVEM), despu\u00e9s de su recorrido por calles del centro de Texcoco, se desplazar\u00e1 a la capital del Estado de M\u00e9xico, Toluca, donde, a las 10:15 horas, encabezar\u00e1 un acto multitudinario en la explanada del Teatro Morelos.<br><\/p>\n\n\n\n<p>Finalmente, G\u00f3mez \u00c1lvarez cerrar\u00e1 su primer d\u00eda de proselitismo abierto a las 16:15 horas, en el Deportivo de Santa Cruz Acatl\u00e1n, del municipio de Naucalpan de Ju\u00e1rez, se reunir\u00e1 con seguidores de los municipios del Valle de M\u00e9xico.<\/p>\n","protected":false},"excerpt":{"rendered":"<p>Ambas candidatas iniciar\u00e1n sus campa\u00f1as proselitistas; Del Moral en Cuautitl\u00e1n Izcalli y Delfina G\u00f3mez en Texcoco. En el primer minuto de este lunes 3 de abril se ponen en marcha las campa\u00f1as proselitistas de las candidatas a la gubernatura del Estado de M\u00e9xico; Alejandra del Moral Vela lo har\u00e1 en su natal Cuautitl\u00e1n Izcalli, en [&hellip;]<\/p>\n","protected":false},"author":1,"featured_media":23485,"comment_status":"closed","ping_status":"closed","sticky":false,"template":"","format":"standard","meta":{"footnotes":""},"categories":[30,31],"tags":[],"class_list":["post-23484","post","type-post","status-publish","format-standard","has-post-thumbnail","hentry","category-destacado","category-portada"],"_links":{"self":[{"href":"https:\/\/elinformante.mx\/index.php?rest_route=\/wp\/v2\/posts\/23484","targetHints":{"allow":["GET"]}}],"collection":[{"href":"https:\/\/elinformante.mx\/index.php?rest_route=\/wp\/v2\/posts"}],"about":[{"href":"https:\/\/elinformante.mx\/index.php?rest_route=\/wp\/v2\/types\/post"}],"author":[{"embeddable":true,"href":"https:\/\/elinformante.mx\/index.php?rest_route=\/wp\/v2\/users\/1"}],"replies":[{"embeddable":true,"href":"https:\/\/elinformante.mx\/index.php?rest_route=%2Fwp%2Fv2%2Fcomments&post=23484"}],"version-history":[{"count":0,"href":"https:\/\/elinformante.mx\/index.php?rest_route=\/wp\/v2\/posts\/23484\/revisions"}],"wp:featuredmedia":[{"embeddable":true,"href":"https:\/\/elinformante.mx\/index.php?rest_route=\/wp\/v2\/media\/23485"}],"wp:attachment":[{"href":"https:\/\/elinformante.mx\/index.php?rest_route=%2Fwp%2Fv2%2Fmedia&parent=23484"}],"wp:term":[{"taxonomy":"category","embeddable":true,"href":"https:\/\/elinformante.mx\/index.php?rest_route=%2Fwp%2Fv2%2Fcategories&post=23484"},{"taxonomy":"post_tag","embeddable":true,"href":"https:\/\/elinformante.mx\/index.php?rest_route=%2Fwp%2Fv2%2Ftags&post=23484"}],"curies":[{"name":"wp","href":"https:\/\/api.w.org\/{rel}","templated":true}]}}