{"id":23488,"date":"2023-04-03T13:55:24","date_gmt":"2023-04-03T13:55:24","guid":{"rendered":"https:\/\/elinformante.mx\/?p=23488"},"modified":"2023-04-03T13:55:25","modified_gmt":"2023-04-03T13:55:25","slug":"adios-al-ine-le-cantan-las-golondrinas-a-lorenzo-cordova","status":"publish","type":"post","link":"https:\/\/elinformante.mx\/?p=23488","title":{"rendered":"ADI\u00d3S AL INE; LE CANTAN \u201cLAS GOLONDRINAS\u201d A LORENZO C\u00d3RDOVA"},"content":{"rendered":"\n<blockquote class=\"wp-block-quote is-layout-flow wp-block-quote-is-layout-flow\">\n<p>El titular de la Segob asegur\u00f3 que podr\u00edan abrirse investigaciones en contra de C\u00f3rdova Vianello y Edmundo Jacobo tras su salida del INE<\/p>\n<\/blockquote>\n\n\n\n<p>El a\u00fan consejero presidente del Instituto Nacional Electoral (INE), Lorenzo C\u00f3rdova Vianello, se despidi\u00f3 de la \u00f3rgano colegiado, de los empleados y colaboradores que lo acompa\u00f1aron durante los nueve a\u00f1os que estuvo en el Consejo General, por lo que pidi\u00f3 a los nuevos consejeros trabajar con autonom\u00eda, pese a la presi\u00f3n que grupos pol\u00edticos podr\u00edan generar.<br><\/p>\n\n\n\n<p>Por medio de un video que poste\u00f3 en sus redes sociales, el tambi\u00e9n acad\u00e9mico emiti\u00f3 un momento de su discurso para pedirle a los nuevos integrantes del instituto asumir su cargo con responsabilidad y autonom\u00eda, as\u00ed como independencia frente a los diferentes intereses pol\u00edticos que podr\u00edan inmiscuirse en los asuntos internos del INE.<br><\/p>\n\n\n\n<p>\u201cLlegan ustedes con la gran responsabilidad de seguir ejerciendo en cada decisi\u00f3n que tomen, en cada acto, la autonom\u00eda frente al poder y al independencia frente a los intereses pol\u00edticos, que han sido la clave de la fortaleza institucional hasta ahora\u201d, refiri\u00f3 este domingo 2 de abril.<br><\/p>\n\n\n\n<p>Asimismo, indic\u00f3 que con la salida de cuatro consejeros, incluido en \u00e9l, se cierra un ciclo de funcionamiento de la autonom\u00eda del instituto, pues indic\u00f3 que por primera vez el Consejo General quedar\u00eda sin elementos que hayan estado durante la reforma en la materia que se realiz\u00f3 en 2014 durante el sexenio de Enrique Pe\u00f1a Nieto en la que se cambi\u00f3 al INE y se dej\u00f3 atr\u00e1s el Instituto Federal Electoral (IFE).<br><\/p>\n\n\n\n<p>\u201cCon la renovaci\u00f3n de la presidencia del Consejero General y de tres consejer\u00edas se cierra un ciclo de la vida institucional del INE, con la salida de los \u00faltimos cuatro integrantes del Consejo que fuimos designados en 2014, por primera vez el m\u00e1ximo \u00f3rgano de direcci\u00f3n del instituto estar\u00e1 integrado por miembros distintos a los que tuvimos la encomienda inicial de comenzar a instrumentar la reforma de 2014\u2033, expres\u00f3.<br><\/p>\n\n\n\n<figure class=\"wp-block-image size-large\"><img fetchpriority=\"high\" decoding=\"async\" width=\"1024\" height=\"503\" src=\"https:\/\/elinformante.mx\/wp-content\/uploads\/2023\/04\/adios-3-1024x503.jpg\" alt=\"\" class=\"wp-image-23490\" srcset=\"https:\/\/elinformante.mx\/wp-content\/uploads\/2023\/04\/adios-3-1024x503.jpg 1024w, https:\/\/elinformante.mx\/wp-content\/uploads\/2023\/04\/adios-3-300x147.jpg 300w, https:\/\/elinformante.mx\/wp-content\/uploads\/2023\/04\/adios-3-768x377.jpg 768w, https:\/\/elinformante.mx\/wp-content\/uploads\/2023\/04\/adios-3-580x285.jpg 580w, https:\/\/elinformante.mx\/wp-content\/uploads\/2023\/04\/adios-3-860x422.jpg 860w, https:\/\/elinformante.mx\/wp-content\/uploads\/2023\/04\/adios-3.jpg 1140w\" sizes=\"(max-width: 1024px) 100vw, 1024px\" \/><\/figure>\n\n\n\n<p>Asimismo, record\u00f3 que en los nueve a\u00f1os que estuvo en el cargo le toc\u00f3 vivir grandes retos y desaf\u00edos que, presumi\u00f3, se pudieron cumplir, pues recalc\u00f3 que el pa\u00eds se encuentra viviendo el m\u00e1s largo periodo de estabilidad pol\u00edtica, de gobernabilidad democr\u00e1tica y de alternancia, situaci\u00f3n que enaltece la labor del INE.<br><\/p>\n\n\n\n<p>C\u00f3rdova Vianello tambi\u00e9n recalc\u00f3 que le toc\u00f3 encabezar la instituci\u00f3n durante a\u00f1os dif\u00edciles y complejos, mismos que coincidieron con que la autoridad logr\u00f3 consolidarse y fortalecerse, ya que sentenci\u00f3 que en la actualidad ninguna instituci\u00f3n civil del Estado mexicano cuenta con la credibilidad p\u00fablica y la aprobaci\u00f3n que tiene el Instituto Nacional Electoral.<br><\/p>\n\n\n\n<p>Y es que profundiz\u00f3 en la percepci\u00f3n de la ciudadan\u00eda hacia el instituto y sentenci\u00f3 que se debe al compromiso con el que miles de trabajadores del \u00f3rgano colegiado asumen sus responsabilidades en el trabajo del d\u00eda a d\u00eda, pues se\u00f1al\u00f3 a \u00e9stos como \u201clos verdaderos responsables de que hoy el INE sea asumido como propio\u201d.<br><\/p>\n\n\n\n<p>Tras dichas palabras, el consejero aprovech\u00f3 para mandar un mensaje a los trabajadores, consejeros, colaboradores y todas las personas que permanecer\u00e1n en la autoridad electoral por su compromiso, su entrega, su lealtad y fortaleza, especialmente en la lucha por la defensa del INE \u201cfrente a las injustas, abusivas y arbitrarias descalificaciones y ataques desde el poder\u201d.<br><\/p>\n\n\n\n<p>Finalmente inst\u00f3 a sus a\u00fan compa\u00f1eras y compa\u00f1eros, junto con la ciudadan\u00eda, a la cual le agradeci\u00f3 por apropiarse de los procesos electorales que son los verdaderos autores y defensores de la democracia mexicana, a seguir trabajando para fortalecer la democracia en el pa\u00eds, desde las instituciones hasta los comicios.<\/p>\n","protected":false},"excerpt":{"rendered":"<p>El titular de la Segob asegur\u00f3 que podr\u00edan abrirse investigaciones en contra de C\u00f3rdova Vianello y Edmundo Jacobo tras su salida del INE El a\u00fan consejero presidente del Instituto Nacional Electoral (INE), Lorenzo C\u00f3rdova Vianello, se despidi\u00f3 de la \u00f3rgano colegiado, de los empleados y colaboradores que lo acompa\u00f1aron durante los nueve a\u00f1os que estuvo [&hellip;]<\/p>\n","protected":false},"author":1,"featured_media":23489,"comment_status":"closed","ping_status":"closed","sticky":false,"template":"","format":"standard","meta":{"footnotes":""},"categories":[30,31],"tags":[],"class_list":["post-23488","post","type-post","status-publish","format-standard","has-post-thumbnail","hentry","category-destacado","category-portada"],"_links":{"self":[{"href":"https:\/\/elinformante.mx\/index.php?rest_route=\/wp\/v2\/posts\/23488","targetHints":{"allow":["GET"]}}],"collection":[{"href":"https:\/\/elinformante.mx\/index.php?rest_route=\/wp\/v2\/posts"}],"about":[{"href":"https:\/\/elinformante.mx\/index.php?rest_route=\/wp\/v2\/types\/post"}],"author":[{"embeddable":true,"href":"https:\/\/elinformante.mx\/index.php?rest_route=\/wp\/v2\/users\/1"}],"replies":[{"embeddable":true,"href":"https:\/\/elinformante.mx\/index.php?rest_route=%2Fwp%2Fv2%2Fcomments&post=23488"}],"version-history":[{"count":0,"href":"https:\/\/elinformante.mx\/index.php?rest_route=\/wp\/v2\/posts\/23488\/revisions"}],"wp:featuredmedia":[{"embeddable":true,"href":"https:\/\/elinformante.mx\/index.php?rest_route=\/wp\/v2\/media\/23489"}],"wp:attachment":[{"href":"https:\/\/elinformante.mx\/index.php?rest_route=%2Fwp%2Fv2%2Fmedia&parent=23488"}],"wp:term":[{"taxonomy":"category","embeddable":true,"href":"https:\/\/elinformante.mx\/index.php?rest_route=%2Fwp%2Fv2%2Fcategories&post=23488"},{"taxonomy":"post_tag","embeddable":true,"href":"https:\/\/elinformante.mx\/index.php?rest_route=%2Fwp%2Fv2%2Ftags&post=23488"}],"curies":[{"name":"wp","href":"https:\/\/api.w.org\/{rel}","templated":true}]}}