{"id":23492,"date":"2023-04-03T14:09:23","date_gmt":"2023-04-03T14:09:23","guid":{"rendered":"https:\/\/elinformante.mx\/?p=23492"},"modified":"2023-04-03T14:09:24","modified_gmt":"2023-04-03T14:09:24","slug":"editor-de-la-pelicula-lo-que-el-viento-se-llevo-la-califica-como-hiriente-y-racista","status":"publish","type":"post","link":"https:\/\/elinformante.mx\/?p=23492","title":{"rendered":"Editor de la pel\u00edcula \u201cLo que el viento se llev\u00f3\u201d la califica como hiriente y racista"},"content":{"rendered":"\n<blockquote class=\"wp-block-quote is-layout-flow wp-block-quote-is-layout-flow\">\n<p>La \u00faltima edici\u00f3n de la novela de Margaret Mitchell incluir\u00e1 una nota de advertencia sobre su \u201cproblem\u00e1tico\u201d contenido.<\/p>\n<\/blockquote>\n\n\n\n<p>La novela \u2018Lo que el viento se llev\u00f3\u2019 ha sido calificada de \u201cproblem\u00e1tica\u201d por su propio editor y contar\u00e1 con una advertencia de contenido \u201chiriente\u201d y \u201cracista\u201d al inicio de su \u00faltima reedici\u00f3n, informa el diario Telegraph.<br><\/p>\n\n\n\n<p>\u201c\u2019Lo que el viento se llev\u00f3\u2019 es una novela que incluye elementos problem\u00e1ticos como la romantizaci\u00f3n de una \u00e9poca espantosa de nuestra historia y los horrores de la esclavitud\u201d, reza la advertencia. Asimismo, agrega que \u201ccontiene una representaci\u00f3n de pr\u00e1cticas inaceptables, representaciones racistas y estereotipadas y temas, caracterizaciones, lenguaje e im\u00e1genes problem\u00e1ticos\u201d.<br><\/p>\n\n\n\n<p>Escrita por Margaret Mitchell y publicada en 1936, la obra es un romance ambientado durante la guerra civil de EE.UU., en la que el Sur esclavista luch\u00f3 contra el Norte abolicionista. Cuenta la historia de amor de Scarlett O\u2019Hara, la hija del due\u00f1o de una plantaci\u00f3n en Georgia, y el capit\u00e1n Rhett Butler, un miembro de la alta sociedad y militar de la Confederaci\u00f3n sudista.<br><\/p>\n\n\n\n<p>El libro y su posterior adaptaci\u00f3n al cine de 1939 han sido acusados durante mucho tiempo de romantizar la causa del Sur esclavista. Si bien la novela no ha sido reescrita para borrar los materiales ofensivos, la nota alerta \u201ca los lectores que puede haber frases y terminolog\u00eda hirientes o incluso da\u00f1inas que prevalec\u00edan en el momento en que se escribi\u00f3 esta novela y que son fieles al contexto de su escenario hist\u00f3rico\u201d.<br><\/p>\n\n\n\n<figure class=\"wp-block-image size-large\"><img fetchpriority=\"high\" decoding=\"async\" width=\"1024\" height=\"503\" src=\"https:\/\/elinformante.mx\/wp-content\/uploads\/2023\/04\/califican-2-1024x503.jpg\" alt=\"\" class=\"wp-image-23494\" srcset=\"https:\/\/elinformante.mx\/wp-content\/uploads\/2023\/04\/califican-2-1024x503.jpg 1024w, https:\/\/elinformante.mx\/wp-content\/uploads\/2023\/04\/califican-2-300x147.jpg 300w, https:\/\/elinformante.mx\/wp-content\/uploads\/2023\/04\/califican-2-768x377.jpg 768w, https:\/\/elinformante.mx\/wp-content\/uploads\/2023\/04\/califican-2-580x285.jpg 580w, https:\/\/elinformante.mx\/wp-content\/uploads\/2023\/04\/califican-2-860x422.jpg 860w, https:\/\/elinformante.mx\/wp-content\/uploads\/2023\/04\/califican-2.jpg 1140w\" sizes=\"(max-width: 1024px) 100vw, 1024px\" \/><\/figure>\n\n\n\n<p>La editorial, Pan Macmillan, explica que la obra no ha sido editada para eliminar contenido objetable, ya que \u201ccree que cambiar el texto para reflejar el mundo actual socavar\u00eda la autenticidad del original, por lo que ha optado por dejar el texto en su totalidad\u201d. Sin embargo, aclara que la negativa de excluir ese lenguaje no \u201cconstituye una aprobaci\u00f3n\u201d del mismo.<br><\/p>\n\n\n\n<p>Adem\u00e1s de la advertencia, la nueva edici\u00f3n incluye un ensayo de la novelista inglesa Philippa Gregory, que afirma que la historia \u201cdefiende el racismo\u201d y \u201censalza y predica la supremac\u00eda blanca\u201d.<br><\/p>\n\n\n\n<p>\u201cNos dice, inequ\u00edvocamente, que los africanos no son de la misma especie que los blancos\u201d, expone, apuntando que \u201cesa es la mentira que estropea la novela\u201d.<br><\/p>\n\n\n\n<p>Seg\u00fan la editorial, Gregory, una autora brit\u00e1nica de raza blanca, fue seleccionada para escribir el ensayo al considerar que \u201cera importante que no se le pidiera a ning\u00fan autor de origen minoritario que asumiera el trabajo emocional de ser responsable de educar a la mayor\u00eda\u201d.<br><\/p>\n\n\n\n<p>\u2018Lo que el viento se llev\u00f3\u2019 es uno de los libros m\u00e1s populares de todos los tiempos, con m\u00e1s de 30 millones de copias vendidas en todo el mundo.<\/p>\n","protected":false},"excerpt":{"rendered":"<p>La \u00faltima edici\u00f3n de la novela de Margaret Mitchell incluir\u00e1 una nota de advertencia sobre su \u201cproblem\u00e1tico\u201d contenido. La novela \u2018Lo que el viento se llev\u00f3\u2019 ha sido calificada de \u201cproblem\u00e1tica\u201d por su propio editor y contar\u00e1 con una advertencia de contenido \u201chiriente\u201d y \u201cracista\u201d al inicio de su \u00faltima reedici\u00f3n, informa el diario Telegraph. [&hellip;]<\/p>\n","protected":false},"author":1,"featured_media":23493,"comment_status":"closed","ping_status":"closed","sticky":false,"template":"","format":"standard","meta":{"footnotes":""},"categories":[30,39],"tags":[],"class_list":["post-23492","post","type-post","status-publish","format-standard","has-post-thumbnail","hentry","category-destacado","category-espectaculos"],"_links":{"self":[{"href":"https:\/\/elinformante.mx\/index.php?rest_route=\/wp\/v2\/posts\/23492","targetHints":{"allow":["GET"]}}],"collection":[{"href":"https:\/\/elinformante.mx\/index.php?rest_route=\/wp\/v2\/posts"}],"about":[{"href":"https:\/\/elinformante.mx\/index.php?rest_route=\/wp\/v2\/types\/post"}],"author":[{"embeddable":true,"href":"https:\/\/elinformante.mx\/index.php?rest_route=\/wp\/v2\/users\/1"}],"replies":[{"embeddable":true,"href":"https:\/\/elinformante.mx\/index.php?rest_route=%2Fwp%2Fv2%2Fcomments&post=23492"}],"version-history":[{"count":0,"href":"https:\/\/elinformante.mx\/index.php?rest_route=\/wp\/v2\/posts\/23492\/revisions"}],"wp:featuredmedia":[{"embeddable":true,"href":"https:\/\/elinformante.mx\/index.php?rest_route=\/wp\/v2\/media\/23493"}],"wp:attachment":[{"href":"https:\/\/elinformante.mx\/index.php?rest_route=%2Fwp%2Fv2%2Fmedia&parent=23492"}],"wp:term":[{"taxonomy":"category","embeddable":true,"href":"https:\/\/elinformante.mx\/index.php?rest_route=%2Fwp%2Fv2%2Fcategories&post=23492"},{"taxonomy":"post_tag","embeddable":true,"href":"https:\/\/elinformante.mx\/index.php?rest_route=%2Fwp%2Fv2%2Ftags&post=23492"}],"curies":[{"name":"wp","href":"https:\/\/api.w.org\/{rel}","templated":true}]}}