{"id":23508,"date":"2023-04-03T14:41:48","date_gmt":"2023-04-03T14:41:48","guid":{"rendered":"https:\/\/elinformante.mx\/?p=23508"},"modified":"2023-04-03T14:41:50","modified_gmt":"2023-04-03T14:41:50","slug":"aprueba-ieem-candidaturas-a-la-gubernatura-del-estado-de-mexico","status":"publish","type":"post","link":"https:\/\/elinformante.mx\/?p=23508","title":{"rendered":"Aprueba IEEM candidaturas a la gubernatura del Estado de M\u00e9xico"},"content":{"rendered":"\n<blockquote class=\"wp-block-quote is-layout-flow wp-block-quote-is-layout-flow\">\n<p>Las candidaturas est\u00e1n encabezadas, por primera vez en la historia de la entidad, por mujeres.<\/p>\n<\/blockquote>\n\n\n\n<p>En la D\u00e9cima Primera Sesi\u00f3n Extraordinaria, el Consejo General del Instituto Electoral del Estado de M\u00e9xico (IEEM) aprob\u00f3 de forma un\u00e1nime las solicitudes de registro de candidaturas al cargo de Gobernadora Constitucional del Estado de M\u00e9xico, luego de realizar el an\u00e1lisis de la solicitud de registro y de la documentaci\u00f3n para verificar el cumplimiento de los requisitos legales.<br><\/p>\n\n\n\n<p>La Consejera Presidenta del IEEM, Amalia Pulido G\u00f3mez, afirm\u00f3 que la elecci\u00f3n en el Estado de M\u00e9xico \u201cya encontr\u00f3 un lugar en la historia\u201d, pues los liderazgos de mujeres emergieron dentro y fuera de los partidos pol\u00edticos y muestran que la pol\u00edtica tiene tambi\u00e9n rostro femenino.<br><\/p>\n\n\n\n<p>Por otra parte, record\u00f3 la firma del Acuerdo por la Integridad Electoral para el Proceso Electoral 2023 e hizo un llamado para que, entre los equipos de las candidaturas, prevalezca un clima de civilidad que privilegie la difusi\u00f3n de sus propuestas y no la confrontaci\u00f3n.<br><\/p>\n\n\n\n<p>A trav\u00e9s del acuerdo IEEM\/CG\/52\/2023, el Instituto otorg\u00f3 el registro de Paulina Alejandra del Moral Vela como candidata al cargo de Gobernadora del Estado de M\u00e9xico por la Coalici\u00f3n Va por el Estado de M\u00e9xico, conformada por los partidos Acci\u00f3n Nacional, Revolucionario Institucional, de la Revoluci\u00f3n Democr\u00e1tica y Nueva Alianza.<br><\/p>\n\n\n\n<p>De igual forma, mediante el acuerdo IEEM\/CG\/53\/2023, el Consejo General del IEEM aval\u00f3 la candidatura de Delfina G\u00f3mez \u00c1lvarez a Gobernadora del Estado de M\u00e9xico quien solicit\u00f3 registro en la Candidatura Com\u00fan Juntos Hacemos Historia en el Estado de M\u00e9xico, integrada por los partidos Verde Ecologista de M\u00e9xico, del Trabajo y Morena.<br><\/p>\n\n\n\n<p>La Consejera Electoral del IEEM, Karina Ivonne Vaquera Montoya, asever\u00f3 que la autoridad electoral llev\u00f3 a cabo una revisi\u00f3n impecable de los requisitos que establece la Ley para el otorgamiento de candidaturas.<br><\/p>\n\n\n\n<p>Y se pronunci\u00f3 porque durante las campa\u00f1as exista cero tolerancia a cualquier tipo de violencia; adem\u00e1s de que se pondere el contraste de ideas y las propuestas, por encima de la denostaci\u00f3n.<br><\/p>\n\n\n\n<p>Durante la Sesi\u00f3n, el Consejo General del IEEM resolvi\u00f3 tambi\u00e9n el proyecto de Acuerdo sobre la inclusi\u00f3n de un sobrenombre en las boletas electorales para la Elecci\u00f3n de Gubernatura 2023, por lo que se autoriz\u00f3 que el sobrenombre \u201cAle Del Moral\u201d de la candidata Paulina Alejandra Del Moral Vela, aparezca enseguida de su nombre en las boletas electorales que ser\u00e1n utilizadas el d\u00eda de la Jornada Electoral.<br><\/p>\n\n\n\n<p>Igualmente, aprob\u00f3 los Formatos \u00danicos de la documentaci\u00f3n para el voto electr\u00f3nico, modalidad de prueba piloto vinculante, que ser\u00e1n utilizados en parte de las casillas para la Elecci\u00f3n de la Gubernatura 2023.<br><\/p>\n\n\n\n<p>A partir del 3 de abril y hasta el 31 de mayo, las candidatas a la Gubernatura est\u00e1n en posibilidades de llevar a cabo actos de campa\u00f1a, con la finalidad de obtener el voto de las y los mexiquenses, el pr\u00f3ximo 4 de junio.<\/p>\n","protected":false},"excerpt":{"rendered":"<p>Las candidaturas est\u00e1n encabezadas, por primera vez en la historia de la entidad, por mujeres. En la D\u00e9cima Primera Sesi\u00f3n Extraordinaria, el Consejo General del Instituto Electoral del Estado de M\u00e9xico (IEEM) aprob\u00f3 de forma un\u00e1nime las solicitudes de registro de candidaturas al cargo de Gobernadora Constitucional del Estado de M\u00e9xico, luego de realizar el [&hellip;]<\/p>\n","protected":false},"author":1,"featured_media":23509,"comment_status":"closed","ping_status":"closed","sticky":false,"template":"","format":"standard","meta":{"footnotes":""},"categories":[30,36],"tags":[],"class_list":["post-23508","post","type-post","status-publish","format-standard","has-post-thumbnail","hentry","category-destacado","category-edomex"],"_links":{"self":[{"href":"https:\/\/elinformante.mx\/index.php?rest_route=\/wp\/v2\/posts\/23508","targetHints":{"allow":["GET"]}}],"collection":[{"href":"https:\/\/elinformante.mx\/index.php?rest_route=\/wp\/v2\/posts"}],"about":[{"href":"https:\/\/elinformante.mx\/index.php?rest_route=\/wp\/v2\/types\/post"}],"author":[{"embeddable":true,"href":"https:\/\/elinformante.mx\/index.php?rest_route=\/wp\/v2\/users\/1"}],"replies":[{"embeddable":true,"href":"https:\/\/elinformante.mx\/index.php?rest_route=%2Fwp%2Fv2%2Fcomments&post=23508"}],"version-history":[{"count":0,"href":"https:\/\/elinformante.mx\/index.php?rest_route=\/wp\/v2\/posts\/23508\/revisions"}],"wp:featuredmedia":[{"embeddable":true,"href":"https:\/\/elinformante.mx\/index.php?rest_route=\/wp\/v2\/media\/23509"}],"wp:attachment":[{"href":"https:\/\/elinformante.mx\/index.php?rest_route=%2Fwp%2Fv2%2Fmedia&parent=23508"}],"wp:term":[{"taxonomy":"category","embeddable":true,"href":"https:\/\/elinformante.mx\/index.php?rest_route=%2Fwp%2Fv2%2Fcategories&post=23508"},{"taxonomy":"post_tag","embeddable":true,"href":"https:\/\/elinformante.mx\/index.php?rest_route=%2Fwp%2Fv2%2Ftags&post=23508"}],"curies":[{"name":"wp","href":"https:\/\/api.w.org\/{rel}","templated":true}]}}