{"id":23511,"date":"2023-04-03T14:43:32","date_gmt":"2023-04-03T14:43:32","guid":{"rendered":"https:\/\/elinformante.mx\/?p=23511"},"modified":"2023-04-03T14:43:33","modified_gmt":"2023-04-03T14:43:33","slug":"registro-uaemex-cerca-de-mil-participantes-en-programas-de-movilidad-durante-2022","status":"publish","type":"post","link":"https:\/\/elinformante.mx\/?p=23511","title":{"rendered":"Registr\u00f3 UAEM\u00e9x cerca de mil participantes en programas de movilidad durante 2022"},"content":{"rendered":"\n<blockquote class=\"wp-block-quote is-layout-flow wp-block-quote-is-layout-flow\">\n<p>Las naciones a donde la mayor\u00eda del alumnado se dirige son pa\u00edses como Colombia, Argentina y Alemania<\/p>\n<\/blockquote>\n\n\n\n<p>La Universidad Aut\u00f3noma del Estado de M\u00e9xico (UAEM\u00e9x) registr\u00f3 cerca de mil alumnos que participaron en el programa de movilidad a otro pa\u00eds o a otra entidad de la Rep\u00fablica para realizar una estancia acad\u00e9mica.<br><\/p>\n\n\n\n<p>Esto corresponde al nivel superior y medio superior con diversas actividades en el \u00faltimo caso con estancias acad\u00e9micas y culturales, se\u00f1al\u00f3 la directora de Apoyo Acad\u00e9mico de esa instituci\u00f3n, Sandra Morales Hern\u00e1ndez en entrevista con El Sol de Toluca.<br><\/p>\n\n\n\n<p>La funcionaria de la m\u00e1xima casa de estudios mexiquense destac\u00f3 que dicho programa no se ha detenido pese a la pandemia de Covid-19, ya que se continu\u00f3 con modalidad a distancia.<br><\/p>\n\n\n\n<p>Expres\u00f3 que el grueso de las naciones a d\u00f3nde se dirige el alumnado con ese programa son de habla hispana como Colombia y Argentina, as\u00ed como anglosajones es el caso de Alemania, principalmente.<br><\/p>\n\n\n\n<p>La movilidad no se ha detenido en la Universidad Aut\u00f3noma del Estado de M\u00e9xico, en su momento se implement\u00f3 la movilidad virtual.<br><\/p>\n\n\n\n<p>Explic\u00f3 que eso ocurri\u00f3 para los estudiantes que se inscribieron a estancias fuera del pa\u00eds o a quienes recibi\u00f3 la UAEM que se conectaron por v\u00eda digital o electr\u00f3nica.<br><\/p>\n\n\n\n<p>Puntualiz\u00f3 que este semestre la UAEM recibi\u00f3 a j\u00f3venes de Rep\u00fablica Checa, Colombia, Argentina, Chile, Francia y Espa\u00f1a, entre otros. Adem\u00e1s de que se ha tenido alumnos de Corea y de diversas naciones, a\u00f1adi\u00f3.<br><\/p>\n\n\n\n<figure class=\"wp-block-image size-large\"><img fetchpriority=\"high\" decoding=\"async\" width=\"1024\" height=\"503\" src=\"https:\/\/elinformante.mx\/wp-content\/uploads\/2023\/04\/registro-1024x503.jpg\" alt=\"\" class=\"wp-image-23513\" srcset=\"https:\/\/elinformante.mx\/wp-content\/uploads\/2023\/04\/registro-1024x503.jpg 1024w, https:\/\/elinformante.mx\/wp-content\/uploads\/2023\/04\/registro-300x147.jpg 300w, https:\/\/elinformante.mx\/wp-content\/uploads\/2023\/04\/registro-768x377.jpg 768w, https:\/\/elinformante.mx\/wp-content\/uploads\/2023\/04\/registro-580x285.jpg 580w, https:\/\/elinformante.mx\/wp-content\/uploads\/2023\/04\/registro-860x422.jpg 860w, https:\/\/elinformante.mx\/wp-content\/uploads\/2023\/04\/registro.jpg 1140w\" sizes=\"(max-width: 1024px) 100vw, 1024px\" \/><\/figure>\n\n\n\n<p>Aunque tambi\u00e9n abri\u00f3 sus puertas para estancias nacionales con la recepci\u00f3n de universitarios de varias Universidades de la Rep\u00fablica.<br><\/p>\n\n\n\n<p>Esto afirm\u00f3 se debe a que el estudiantado conf\u00eda en los programas y procesos que promueve la Universidad.<br><\/p>\n\n\n\n<p>Reiter\u00f3 que para la Universidad las actividades de cooperaci\u00f3n internacional y en especial el programa de movilidad son clave basadas en un perfil global con componentes internacionales.<br><\/p>\n\n\n\n<p>Reiter\u00f3 que para la Universidad las actividades de cooperaci\u00f3n internacional y en especial el programa de movilidad son clave basadas en un perfil global con componentes internacionales.<br><\/p>\n\n\n\n<p>Vale mencionar que esa instituci\u00f3n maneja los siguiente tipos y modalidades de movilidad estudiantil: Nacional, Internacional, Intrainstitucional, ya sea presencial o virtual.<br><\/p>\n\n\n\n<p>Seg\u00fan estad\u00edsticas proporcionadas en el 2022, las m\u00e1s de mil estancias de movilidad saliente 26 fueron presenciales y dos virtuales; en la categor\u00eda de nacional entrante fueron 7 de orden presencial y 1 virtual.<br><\/p>\n\n\n\n<p>En la movilidad internacional saliente sumaron 247 de tipo presencial y 381 virtual y en la internacional entrante fueron 75 presencial y 327 virtual.<\/p>\n","protected":false},"excerpt":{"rendered":"<p>Las naciones a donde la mayor\u00eda del alumnado se dirige son pa\u00edses como Colombia, Argentina y Alemania La Universidad Aut\u00f3noma del Estado de M\u00e9xico (UAEM\u00e9x) registr\u00f3 cerca de mil alumnos que participaron en el programa de movilidad a otro pa\u00eds o a otra entidad de la Rep\u00fablica para realizar una estancia acad\u00e9mica. Esto corresponde al [&hellip;]<\/p>\n","protected":false},"author":1,"featured_media":23512,"comment_status":"closed","ping_status":"closed","sticky":false,"template":"","format":"standard","meta":{"footnotes":""},"categories":[30,36],"tags":[],"class_list":["post-23511","post","type-post","status-publish","format-standard","has-post-thumbnail","hentry","category-destacado","category-edomex"],"_links":{"self":[{"href":"https:\/\/elinformante.mx\/index.php?rest_route=\/wp\/v2\/posts\/23511","targetHints":{"allow":["GET"]}}],"collection":[{"href":"https:\/\/elinformante.mx\/index.php?rest_route=\/wp\/v2\/posts"}],"about":[{"href":"https:\/\/elinformante.mx\/index.php?rest_route=\/wp\/v2\/types\/post"}],"author":[{"embeddable":true,"href":"https:\/\/elinformante.mx\/index.php?rest_route=\/wp\/v2\/users\/1"}],"replies":[{"embeddable":true,"href":"https:\/\/elinformante.mx\/index.php?rest_route=%2Fwp%2Fv2%2Fcomments&post=23511"}],"version-history":[{"count":0,"href":"https:\/\/elinformante.mx\/index.php?rest_route=\/wp\/v2\/posts\/23511\/revisions"}],"wp:featuredmedia":[{"embeddable":true,"href":"https:\/\/elinformante.mx\/index.php?rest_route=\/wp\/v2\/media\/23512"}],"wp:attachment":[{"href":"https:\/\/elinformante.mx\/index.php?rest_route=%2Fwp%2Fv2%2Fmedia&parent=23511"}],"wp:term":[{"taxonomy":"category","embeddable":true,"href":"https:\/\/elinformante.mx\/index.php?rest_route=%2Fwp%2Fv2%2Fcategories&post=23511"},{"taxonomy":"post_tag","embeddable":true,"href":"https:\/\/elinformante.mx\/index.php?rest_route=%2Fwp%2Fv2%2Ftags&post=23511"}],"curies":[{"name":"wp","href":"https:\/\/api.w.org\/{rel}","templated":true}]}}