{"id":23518,"date":"2023-04-03T14:58:09","date_gmt":"2023-04-03T14:58:09","guid":{"rendered":"https:\/\/elinformante.mx\/?p=23518"},"modified":"2023-04-03T14:58:10","modified_gmt":"2023-04-03T14:58:10","slug":"implementa-michoacan-nueva-estrategia-de-seguridad-para-industria-del-aguacate","status":"publish","type":"post","link":"https:\/\/elinformante.mx\/?p=23518","title":{"rendered":"Implementa Michoac\u00e1n nueva estrategia de seguridad para industria del aguacate"},"content":{"rendered":"\n<blockquote class=\"wp-block-quote is-layout-flow wp-block-quote-is-layout-flow\">\n<p>Dentro de la alianza participa la Asociaci\u00f3n de Productores y Empacadores de Aguacate de M\u00e9xico (APEAM), as\u00ed como el embajador de Estados Unidos en M\u00e9xico, Ken Salazar.<\/p>\n<\/blockquote>\n\n\n\n<p>A partir de un acuerdo entre el gobierno y el sector privado de Michoac\u00e1n con los Estados Unidos, la Polic\u00eda Auxiliar del estado se encargar\u00e1 de cuidar la seguridad de la industria de la agroexportaci\u00f3n del aguacate.<br><\/p>\n\n\n\n<p>Al respecto, el gobernador, Alfredo Ram\u00edrez Bedolla, inform\u00f3 que esta alianza surge a partir de que se busca que la entidad aproveche su potencial econ\u00f3mico dentro del marco del Tratado entre M\u00e9xico, Estados Unidos y Canad\u00e1 (T-MEC), y donde se suman los acuerdos generados en la \u00faltima cumbre de l\u00edderes de Norteam\u00e9rica para reactivar las econom\u00edas de los tres pa\u00edses.<br><\/p>\n\n\n\n<p>\u201cMichoac\u00e1n es un estado que por su ubicaci\u00f3n geogr\u00e1fica y log\u00edstica puede aportar al crecimiento econ\u00f3mico. El sector industrial y empresarial han recuperado la confianza de inversi\u00f3n, al mantenerse liberadas las v\u00edas de comunicaci\u00f3n terrestre y la seguridad para el comercio y traslado de mercanc\u00edas\u201d, reiter\u00f3.<br><\/p>\n\n\n\n<p>Por ello, ser\u00e1 en los pr\u00f3ximos meses cuando la corporaci\u00f3n policiaca, integrada por m\u00e1s de 1,700 elementos, proporcione servicios de protecci\u00f3n a los empacadores de este sector agroalimentario, as\u00ed como a las unidades que trasladan este fruto para su venta y consumo en Estados Unidos.<br><\/p>\n\n\n\n<p>Dentro de la alianza participa la Asociaci\u00f3n de Productores y Empacadores de Aguacate de M\u00e9xico (APEAM), as\u00ed como el embajador de Estados Unidos en M\u00e9xico, Ken Salazar.<\/p>\n","protected":false},"excerpt":{"rendered":"<p>Dentro de la alianza participa la Asociaci\u00f3n de Productores y Empacadores de Aguacate de M\u00e9xico (APEAM), as\u00ed como el embajador de Estados Unidos en M\u00e9xico, Ken Salazar. A partir de un acuerdo entre el gobierno y el sector privado de Michoac\u00e1n con los Estados Unidos, la Polic\u00eda Auxiliar del estado se encargar\u00e1 de cuidar la [&hellip;]<\/p>\n","protected":false},"author":1,"featured_media":23519,"comment_status":"closed","ping_status":"closed","sticky":false,"template":"","format":"standard","meta":{"footnotes":""},"categories":[30,34],"tags":[],"class_list":["post-23518","post","type-post","status-publish","format-standard","has-post-thumbnail","hentry","category-destacado","category-nacional"],"_links":{"self":[{"href":"https:\/\/elinformante.mx\/index.php?rest_route=\/wp\/v2\/posts\/23518","targetHints":{"allow":["GET"]}}],"collection":[{"href":"https:\/\/elinformante.mx\/index.php?rest_route=\/wp\/v2\/posts"}],"about":[{"href":"https:\/\/elinformante.mx\/index.php?rest_route=\/wp\/v2\/types\/post"}],"author":[{"embeddable":true,"href":"https:\/\/elinformante.mx\/index.php?rest_route=\/wp\/v2\/users\/1"}],"replies":[{"embeddable":true,"href":"https:\/\/elinformante.mx\/index.php?rest_route=%2Fwp%2Fv2%2Fcomments&post=23518"}],"version-history":[{"count":0,"href":"https:\/\/elinformante.mx\/index.php?rest_route=\/wp\/v2\/posts\/23518\/revisions"}],"wp:featuredmedia":[{"embeddable":true,"href":"https:\/\/elinformante.mx\/index.php?rest_route=\/wp\/v2\/media\/23519"}],"wp:attachment":[{"href":"https:\/\/elinformante.mx\/index.php?rest_route=%2Fwp%2Fv2%2Fmedia&parent=23518"}],"wp:term":[{"taxonomy":"category","embeddable":true,"href":"https:\/\/elinformante.mx\/index.php?rest_route=%2Fwp%2Fv2%2Fcategories&post=23518"},{"taxonomy":"post_tag","embeddable":true,"href":"https:\/\/elinformante.mx\/index.php?rest_route=%2Fwp%2Fv2%2Ftags&post=23518"}],"curies":[{"name":"wp","href":"https:\/\/api.w.org\/{rel}","templated":true}]}}