{"id":23521,"date":"2023-04-03T15:00:27","date_gmt":"2023-04-03T15:00:27","guid":{"rendered":"https:\/\/elinformante.mx\/?p=23521"},"modified":"2023-04-03T15:00:28","modified_gmt":"2023-04-03T15:00:28","slug":"inauguro-samuel-garcia-tercera-fase-del-periferico-de-monterrey","status":"publish","type":"post","link":"https:\/\/elinformante.mx\/?p=23521","title":{"rendered":"Inaugur\u00f3 Samuel Garc\u00eda tercera fase del perif\u00e9rico de Monterrey"},"content":{"rendered":"\n<blockquote class=\"wp-block-quote is-layout-flow wp-block-quote-is-layout-flow\">\n<p>Destac\u00f3 que el tercer tramo del Perif\u00e9rico inici\u00f3 en la pasada administraci\u00f3n y se ten\u00eda prevista su conclusi\u00f3n para el pr\u00f3ximo mes de noviembre.<\/p>\n<\/blockquote>\n\n\n\n<p>El gobernador de Nuevo Le\u00f3n, Samuel Garc\u00eda Sep\u00falveda, inaugur\u00f3 el \u00faltimo tramo del perif\u00e9rico de Monterrey que inicia desde la carretera libre a Saltillo, y cruza los municipios de Santa Catarina, Garc\u00eda, Escobedo, Apodaca y Ju\u00e1rez, en el cual se invirtieron alrededor de 2,225 millones de pesos y que permitir\u00e1 desfogar un 70% del transporte de carga que va hacia la frontera.<br><\/p>\n\n\n\n<p>Samuel Garc\u00eda destac\u00f3 que el tercer tramo del Perif\u00e9rico inici\u00f3 en la pasada administraci\u00f3n y se ten\u00eda prevista su conclusi\u00f3n para el pr\u00f3ximo mes de noviembre, \u201cestamos acostumbrados a que la obra p\u00fablica tarda el doble y cuesta el triple\u201d, por ejemplo la obra de la l\u00ednea 3 del metro.<br><\/p>\n\n\n\n<p>Sin embargo, en una de las primeras visitas que realiz\u00f3 como gobernador, acudi\u00f3 al perif\u00e9rico, para ver los afluentes de los r\u00edos, entonces Mauricio Zavala, titular de la Red Estatal de Autopistas (REA), le coment\u00f3 que iba a abrir 10 frentes para terminar lo m\u00e1s r\u00e1pido posible, y se otorgaron 10 contratos\u201c, hoy podemos abrir ocho meses antes al costo en que se licit\u00f3 la obra.<br><\/p>\n\n\n\n<p>En su gobierno, dijo, se est\u00e1n realizando obras que ten\u00edan un rezago de m\u00e1s de 30 a\u00f1os, y se van a invertir 110,000 millones de pesos en su sexenio, mientras que en el gobierno de Jaime Rodr\u00edguez s\u00f3lo se desembolsaron 8,000 millones de pesos en obra p\u00fablica.<\/p>\n","protected":false},"excerpt":{"rendered":"<p>Destac\u00f3 que el tercer tramo del Perif\u00e9rico inici\u00f3 en la pasada administraci\u00f3n y se ten\u00eda prevista su conclusi\u00f3n para el pr\u00f3ximo mes de noviembre. El gobernador de Nuevo Le\u00f3n, Samuel Garc\u00eda Sep\u00falveda, inaugur\u00f3 el \u00faltimo tramo del perif\u00e9rico de Monterrey que inicia desde la carretera libre a Saltillo, y cruza los municipios de Santa Catarina, [&hellip;]<\/p>\n","protected":false},"author":1,"featured_media":23522,"comment_status":"closed","ping_status":"closed","sticky":false,"template":"","format":"standard","meta":{"footnotes":""},"categories":[30,34],"tags":[],"class_list":["post-23521","post","type-post","status-publish","format-standard","has-post-thumbnail","hentry","category-destacado","category-nacional"],"_links":{"self":[{"href":"https:\/\/elinformante.mx\/index.php?rest_route=\/wp\/v2\/posts\/23521","targetHints":{"allow":["GET"]}}],"collection":[{"href":"https:\/\/elinformante.mx\/index.php?rest_route=\/wp\/v2\/posts"}],"about":[{"href":"https:\/\/elinformante.mx\/index.php?rest_route=\/wp\/v2\/types\/post"}],"author":[{"embeddable":true,"href":"https:\/\/elinformante.mx\/index.php?rest_route=\/wp\/v2\/users\/1"}],"replies":[{"embeddable":true,"href":"https:\/\/elinformante.mx\/index.php?rest_route=%2Fwp%2Fv2%2Fcomments&post=23521"}],"version-history":[{"count":0,"href":"https:\/\/elinformante.mx\/index.php?rest_route=\/wp\/v2\/posts\/23521\/revisions"}],"wp:featuredmedia":[{"embeddable":true,"href":"https:\/\/elinformante.mx\/index.php?rest_route=\/wp\/v2\/media\/23522"}],"wp:attachment":[{"href":"https:\/\/elinformante.mx\/index.php?rest_route=%2Fwp%2Fv2%2Fmedia&parent=23521"}],"wp:term":[{"taxonomy":"category","embeddable":true,"href":"https:\/\/elinformante.mx\/index.php?rest_route=%2Fwp%2Fv2%2Fcategories&post=23521"},{"taxonomy":"post_tag","embeddable":true,"href":"https:\/\/elinformante.mx\/index.php?rest_route=%2Fwp%2Fv2%2Ftags&post=23521"}],"curies":[{"name":"wp","href":"https:\/\/api.w.org\/{rel}","templated":true}]}}