{"id":23524,"date":"2023-04-03T15:01:55","date_gmt":"2023-04-03T15:01:55","guid":{"rendered":"https:\/\/elinformante.mx\/?p=23524"},"modified":"2023-04-03T15:01:56","modified_gmt":"2023-04-03T15:01:56","slug":"cancun-mantiene-tendencia-de-crecimiento-en-llegada-de-turistas","status":"publish","type":"post","link":"https:\/\/elinformante.mx\/?p=23524","title":{"rendered":"Canc\u00fan mantiene tendencia de crecimiento en llegada de turistas"},"content":{"rendered":"\n<blockquote class=\"wp-block-quote is-layout-flow wp-block-quote-is-layout-flow\">\n<p>Seg\u00fan datos de la Secretar\u00eda de Turismo, Canc\u00fan se ubica en el primer lugar a nivel nacional en captaci\u00f3n de pasajeros internacionales.<\/p>\n<\/blockquote>\n\n\n\n<p>El Aeropuerto Internacional de Canc\u00fan mantiene una tendencia de crecimiento respecto de 2022, el a\u00f1o que alcanz\u00f3 30.3 millones de pasajeros, su r\u00e9cord m\u00e1ximo en volumen de viajeros movilizados en un a\u00f1o.<br><\/p>\n\n\n\n<p>As\u00ed lo da a conocer la Secretar\u00eda de Turismo federal (Sectur), seg\u00fan la cual Canc\u00fan se ubica en el sitio 1 a nivel nacional en captaci\u00f3n de pasajeros internacionales, dejando en segundo sitio a la Ciudad de M\u00e9xico y Puerto Vallarta; entre los aeropuertos recibieron 2 millones 739 mil turistas durante el primer bimestre del a\u00f1o.<br><\/p>\n\n\n\n<p>Seg\u00fan la dependencia, al aeropuerto de Canc\u00fan arribaron 1 mill\u00f3n 639,000 turistas internacionales; seguido del Aeropuerto Internacional de la Ciudad de M\u00e9xico (AICM) con 669,826 turistas; mientras que el aeropuerto de Puerto Vallarta recibi\u00f3 430,713 turistas internacionales durante los primeros dos meses de 2022.<br><\/p>\n\n\n\n<p>Los principales pa\u00edses en llegadas de turistas internacionales v\u00eda a\u00e9rea a M\u00e9xico de enero a febrero de 2023, fueron Estados Unidos, Canad\u00e1 y Colombia, con 2 millones 836,000 turistas; esto es 24.3% m\u00e1s respecto al mismo lapso de 2022, y superando tambi\u00e9n un 15.1% los 2,463,000 mil turistas de 2019.<br><\/p>\n\n\n\n<p>Del mercado estadounidense, Canc\u00fan capt\u00f3 771,742 viajeros. El segundo sitio es para Los Cabos que capt\u00f3 348,438 ciudadanos de ese pa\u00eds.<br><\/p>\n\n\n\n<p>El total de canadienses fue de 663,740, de los cuales Canc\u00fan capt\u00f3 335,256 viajero, seguido de Puerto Vallarta con 156,973.<\/p>\n","protected":false},"excerpt":{"rendered":"<p>Seg\u00fan datos de la Secretar\u00eda de Turismo, Canc\u00fan se ubica en el primer lugar a nivel nacional en captaci\u00f3n de pasajeros internacionales. El Aeropuerto Internacional de Canc\u00fan mantiene una tendencia de crecimiento respecto de 2022, el a\u00f1o que alcanz\u00f3 30.3 millones de pasajeros, su r\u00e9cord m\u00e1ximo en volumen de viajeros movilizados en un a\u00f1o. As\u00ed [&hellip;]<\/p>\n","protected":false},"author":1,"featured_media":23525,"comment_status":"closed","ping_status":"closed","sticky":false,"template":"","format":"standard","meta":{"footnotes":""},"categories":[30,34],"tags":[],"class_list":["post-23524","post","type-post","status-publish","format-standard","has-post-thumbnail","hentry","category-destacado","category-nacional"],"_links":{"self":[{"href":"https:\/\/elinformante.mx\/index.php?rest_route=\/wp\/v2\/posts\/23524","targetHints":{"allow":["GET"]}}],"collection":[{"href":"https:\/\/elinformante.mx\/index.php?rest_route=\/wp\/v2\/posts"}],"about":[{"href":"https:\/\/elinformante.mx\/index.php?rest_route=\/wp\/v2\/types\/post"}],"author":[{"embeddable":true,"href":"https:\/\/elinformante.mx\/index.php?rest_route=\/wp\/v2\/users\/1"}],"replies":[{"embeddable":true,"href":"https:\/\/elinformante.mx\/index.php?rest_route=%2Fwp%2Fv2%2Fcomments&post=23524"}],"version-history":[{"count":0,"href":"https:\/\/elinformante.mx\/index.php?rest_route=\/wp\/v2\/posts\/23524\/revisions"}],"wp:featuredmedia":[{"embeddable":true,"href":"https:\/\/elinformante.mx\/index.php?rest_route=\/wp\/v2\/media\/23525"}],"wp:attachment":[{"href":"https:\/\/elinformante.mx\/index.php?rest_route=%2Fwp%2Fv2%2Fmedia&parent=23524"}],"wp:term":[{"taxonomy":"category","embeddable":true,"href":"https:\/\/elinformante.mx\/index.php?rest_route=%2Fwp%2Fv2%2Fcategories&post=23524"},{"taxonomy":"post_tag","embeddable":true,"href":"https:\/\/elinformante.mx\/index.php?rest_route=%2Fwp%2Fv2%2Ftags&post=23524"}],"curies":[{"name":"wp","href":"https:\/\/api.w.org\/{rel}","templated":true}]}}