{"id":23530,"date":"2023-04-03T15:48:08","date_gmt":"2023-04-03T15:48:08","guid":{"rendered":"https:\/\/elinformante.mx\/?p=23530"},"modified":"2023-04-03T15:48:10","modified_gmt":"2023-04-03T15:48:10","slug":"no-podemos-competir-en-estas-condiciones-un-gran-accidente-puede-ocurrir-checo-perez","status":"publish","type":"post","link":"https:\/\/elinformante.mx\/?p=23530","title":{"rendered":"\u201cNo podemos competir en estas condiciones, un gran accidente puede ocurrir\u201d: Checo P\u00e9rez"},"content":{"rendered":"\n<blockquote class=\"wp-block-quote is-layout-flow wp-block-quote-is-layout-flow\">\n<p>El piloto mexicano se quej\u00f3 por el arranque de carrera tras la bandera roja en las \u00faltimas vueltas<\/p>\n<\/blockquote>\n\n\n\n<p>El mexicano, Sergio \u2018Checo\u2019 P\u00e9rez, a pesar de salir \u00faltimo en el Gran Premio de Australia, logr\u00f3 remontar varias posiciones para colocarse en quinto lugar, logrando tener la vuelta m\u00e1s r\u00e1pida y fue escogido como el mejor piloto de la carrera.<br><\/p>\n\n\n\n<p>Durante la carrera, en la vuelta 56 se se\u00f1al\u00f3 una bandera roja tras el accidente que sufri\u00f3 Valtteri Bottas con su Alpha Romeo, lo cual hizo que todos los pilotos entraran a boxes, aunque P\u00e9rez se\u00f1al\u00f3 que era necesario cambiar la hora de arranque, ya que en el reinicio del GP la visibilidad no era buena.<br><\/p>\n\n\n\n<p>\u201cS\u00ed, era necesario porque hubo muchos incidentes. Al final hubo muchos incidentes y era necesaria la bandera roja. El \u00faltimo reinicio fue peligroso, en primer lugar por el calentamiento y en segundo porque no pod\u00edamos ver nada.<br><\/p>\n\n\n\n<p>\u201cNo podemos competir en esas condiciones. Un d\u00eda habr\u00e1 un gran accidente si no podemos ver nada\u201d, finaliz\u00f3 P\u00e9rez en entrevista.<\/p>\n","protected":false},"excerpt":{"rendered":"<p>El piloto mexicano se quej\u00f3 por el arranque de carrera tras la bandera roja en las \u00faltimas vueltas El mexicano, Sergio \u2018Checo\u2019 P\u00e9rez, a pesar de salir \u00faltimo en el Gran Premio de Australia, logr\u00f3 remontar varias posiciones para colocarse en quinto lugar, logrando tener la vuelta m\u00e1s r\u00e1pida y fue escogido como el mejor [&hellip;]<\/p>\n","protected":false},"author":1,"featured_media":23531,"comment_status":"closed","ping_status":"closed","sticky":false,"template":"","format":"standard","meta":{"footnotes":""},"categories":[38],"tags":[],"class_list":["post-23530","post","type-post","status-publish","format-standard","has-post-thumbnail","hentry","category-deportes"],"_links":{"self":[{"href":"https:\/\/elinformante.mx\/index.php?rest_route=\/wp\/v2\/posts\/23530","targetHints":{"allow":["GET"]}}],"collection":[{"href":"https:\/\/elinformante.mx\/index.php?rest_route=\/wp\/v2\/posts"}],"about":[{"href":"https:\/\/elinformante.mx\/index.php?rest_route=\/wp\/v2\/types\/post"}],"author":[{"embeddable":true,"href":"https:\/\/elinformante.mx\/index.php?rest_route=\/wp\/v2\/users\/1"}],"replies":[{"embeddable":true,"href":"https:\/\/elinformante.mx\/index.php?rest_route=%2Fwp%2Fv2%2Fcomments&post=23530"}],"version-history":[{"count":0,"href":"https:\/\/elinformante.mx\/index.php?rest_route=\/wp\/v2\/posts\/23530\/revisions"}],"wp:featuredmedia":[{"embeddable":true,"href":"https:\/\/elinformante.mx\/index.php?rest_route=\/wp\/v2\/media\/23531"}],"wp:attachment":[{"href":"https:\/\/elinformante.mx\/index.php?rest_route=%2Fwp%2Fv2%2Fmedia&parent=23530"}],"wp:term":[{"taxonomy":"category","embeddable":true,"href":"https:\/\/elinformante.mx\/index.php?rest_route=%2Fwp%2Fv2%2Fcategories&post=23530"},{"taxonomy":"post_tag","embeddable":true,"href":"https:\/\/elinformante.mx\/index.php?rest_route=%2Fwp%2Fv2%2Ftags&post=23530"}],"curies":[{"name":"wp","href":"https:\/\/api.w.org\/{rel}","templated":true}]}}