{"id":23533,"date":"2023-04-03T15:49:02","date_gmt":"2023-04-03T15:49:02","guid":{"rendered":"https:\/\/elinformante.mx\/?p=23533"},"modified":"2023-04-03T15:49:03","modified_gmt":"2023-04-03T15:49:03","slug":"despiden-a-graham-potter-del-chelsea","status":"publish","type":"post","link":"https:\/\/elinformante.mx\/?p=23533","title":{"rendered":"Despiden a Graham Potter del Chelsea"},"content":{"rendered":"\n<blockquote class=\"wp-block-quote is-layout-flow wp-block-quote-is-layout-flow\">\n<p>El Chelsea no ha tenido una buena temporada y la paciencia de los directivos se agot\u00f3<\/p>\n<\/blockquote>\n\n\n\n<p>El Chelsea despidi\u00f3 al t\u00e9cnico Graham Potter debido a que el equipo languidece en la parte media de la clasificaci\u00f3n de la Premier League a pesar de que el club gast\u00f3 630 millones de d\u00f3lares en jugadores en las \u00faltimas dos ventanas de transferencia.<br><\/p>\n\n\n\n<p>El equipo anunci\u00f3 la salida de Potter el domingo, un d\u00eda despu\u00e9s de la derrota 2-0 ante el Aston Villa que dej\u00f3 al conjunto londinense en el puesto 11 de la tabla general.<br><\/p>\n\n\n\n<p>\u201cGraham acord\u00f3 colaborar con el club y facilitar una transici\u00f3n sin problemas\u201d, dijo el Chelsea.<br><\/p>\n\n\n\n<p>Potter lleg\u00f3 en septiembre para remplazar a Thomas Tuchel, quien fue despedido y hace una semana firm\u00f3 con el Bayern M\u00fanich.<\/p>\n","protected":false},"excerpt":{"rendered":"<p>El Chelsea no ha tenido una buena temporada y la paciencia de los directivos se agot\u00f3 El Chelsea despidi\u00f3 al t\u00e9cnico Graham Potter debido a que el equipo languidece en la parte media de la clasificaci\u00f3n de la Premier League a pesar de que el club gast\u00f3 630 millones de d\u00f3lares en jugadores en las [&hellip;]<\/p>\n","protected":false},"author":1,"featured_media":23534,"comment_status":"closed","ping_status":"closed","sticky":false,"template":"","format":"standard","meta":{"footnotes":""},"categories":[38],"tags":[],"class_list":["post-23533","post","type-post","status-publish","format-standard","has-post-thumbnail","hentry","category-deportes"],"_links":{"self":[{"href":"https:\/\/elinformante.mx\/index.php?rest_route=\/wp\/v2\/posts\/23533","targetHints":{"allow":["GET"]}}],"collection":[{"href":"https:\/\/elinformante.mx\/index.php?rest_route=\/wp\/v2\/posts"}],"about":[{"href":"https:\/\/elinformante.mx\/index.php?rest_route=\/wp\/v2\/types\/post"}],"author":[{"embeddable":true,"href":"https:\/\/elinformante.mx\/index.php?rest_route=\/wp\/v2\/users\/1"}],"replies":[{"embeddable":true,"href":"https:\/\/elinformante.mx\/index.php?rest_route=%2Fwp%2Fv2%2Fcomments&post=23533"}],"version-history":[{"count":0,"href":"https:\/\/elinformante.mx\/index.php?rest_route=\/wp\/v2\/posts\/23533\/revisions"}],"wp:featuredmedia":[{"embeddable":true,"href":"https:\/\/elinformante.mx\/index.php?rest_route=\/wp\/v2\/media\/23534"}],"wp:attachment":[{"href":"https:\/\/elinformante.mx\/index.php?rest_route=%2Fwp%2Fv2%2Fmedia&parent=23533"}],"wp:term":[{"taxonomy":"category","embeddable":true,"href":"https:\/\/elinformante.mx\/index.php?rest_route=%2Fwp%2Fv2%2Fcategories&post=23533"},{"taxonomy":"post_tag","embeddable":true,"href":"https:\/\/elinformante.mx\/index.php?rest_route=%2Fwp%2Fv2%2Ftags&post=23533"}],"curies":[{"name":"wp","href":"https:\/\/api.w.org\/{rel}","templated":true}]}}