{"id":23536,"date":"2023-04-03T15:50:00","date_gmt":"2023-04-03T15:50:00","guid":{"rendered":"https:\/\/elinformante.mx\/?p=23536"},"modified":"2023-04-03T15:50:01","modified_gmt":"2023-04-03T15:50:01","slug":"despliegan-en-coyoacan-operativo-con-casi-500-elementos-de-seguridad","status":"publish","type":"post","link":"https:\/\/elinformante.mx\/?p=23536","title":{"rendered":"Despliegan en Coyoac\u00e1n operativo con casi 500 elementos de seguridad"},"content":{"rendered":"\n<blockquote class=\"wp-block-quote is-layout-flow wp-block-quote-is-layout-flow\">\n<p>Se intensificar\u00e1 la proximidad vecinal para vigilar cada hogar y cada colonia, afirm\u00f3 el alcalde Giovani Guti\u00e9rrez<\/p>\n<\/blockquote>\n\n\n\n<p>La alcald\u00eda Coyoac\u00e1n despleg\u00f3 472 elementos de seguridad del programa Escudo Coyoac\u00e1n, para el operativo especial de vigilancia \u201cVacaciones Seguras Semana Santa\u201d.<br><\/p>\n\n\n\n<p>Detall\u00f3 que participan las \u00e1reas de auxilio, principalmente la direcci\u00f3n general de Seguridad Ciudadana y Coordinaci\u00f3n Institucional, en compa\u00f1\u00eda de la Unidad de Gesti\u00f3n Integral de Riesgos y Protecci\u00f3n Civil (UGIRPC- COY). Este operativo se lleva a cabo en coordinaci\u00f3n con la Secretar\u00eda de Seguridad Ciudadana del Gobierno de la Ciudad de M\u00e9xico (SSC).<br><\/p>\n\n\n\n<p>El alcalde Giovani Guti\u00e9rrez Aguilar dijo que, durante el operativo, elementos de Escudo Coyoac\u00e1n y Protecci\u00f3n Civil intensificar\u00e1n la proximidad vecinal para vigilar cada hogar y cada colonia, adem\u00e1s de apoyar para que las conmemoraciones de Semana Santa transcurran con orden y tranquilidad en los pueblos y barrios de la demarcaci\u00f3n.<br><\/p>\n\n\n\n<p>Cabe mencionar que el plan de seguridad humana Escudo Coyoac\u00e1n comprende la divisi\u00f3n de los cinco sectores en que est\u00e1 segmentada la demarcaci\u00f3n, (Coyoac\u00e1n, Universidad, Taxque\u00f1a, Xotepingo y Culhuac\u00e1n) en 45 cuadrantes para facilitar la vigilancia territorial y se habilit\u00f3 desde el a\u00f1o pasado igual n\u00famero de l\u00edneas telef\u00f3nicas que est\u00e1n a disposici\u00f3n de la poblaci\u00f3n para reportar emergencias por cuadrante.<br><\/p>\n\n\n\n<p>De acuerdo con el alcalde, \u201cVacaciones Seguras Semana Santa\u201d, tambi\u00e9n reforzar\u00e1 la vigilancia de los lugares emblem\u00e1ticos de la demarcaci\u00f3n para ofrecer a las y los visitantes una estancia tranquila.<br><\/p>\n\n\n\n<p>\u201cCon este operativo, nos mantendremos cerca de todas y todos ustedes, para que puedan disfrutar en esta temporada del gran museo que es Coyoac\u00e1n, de sus pueblos, barrios, de sus mercados\u201d, subray\u00f3.<\/p>\n","protected":false},"excerpt":{"rendered":"<p>Se intensificar\u00e1 la proximidad vecinal para vigilar cada hogar y cada colonia, afirm\u00f3 el alcalde Giovani Guti\u00e9rrez La alcald\u00eda Coyoac\u00e1n despleg\u00f3 472 elementos de seguridad del programa Escudo Coyoac\u00e1n, para el operativo especial de vigilancia \u201cVacaciones Seguras Semana Santa\u201d. Detall\u00f3 que participan las \u00e1reas de auxilio, principalmente la direcci\u00f3n general de Seguridad Ciudadana y Coordinaci\u00f3n [&hellip;]<\/p>\n","protected":false},"author":1,"featured_media":23537,"comment_status":"closed","ping_status":"closed","sticky":false,"template":"","format":"standard","meta":{"footnotes":""},"categories":[35],"tags":[],"class_list":["post-23536","post","type-post","status-publish","format-standard","has-post-thumbnail","hentry","category-cdmx"],"_links":{"self":[{"href":"https:\/\/elinformante.mx\/index.php?rest_route=\/wp\/v2\/posts\/23536","targetHints":{"allow":["GET"]}}],"collection":[{"href":"https:\/\/elinformante.mx\/index.php?rest_route=\/wp\/v2\/posts"}],"about":[{"href":"https:\/\/elinformante.mx\/index.php?rest_route=\/wp\/v2\/types\/post"}],"author":[{"embeddable":true,"href":"https:\/\/elinformante.mx\/index.php?rest_route=\/wp\/v2\/users\/1"}],"replies":[{"embeddable":true,"href":"https:\/\/elinformante.mx\/index.php?rest_route=%2Fwp%2Fv2%2Fcomments&post=23536"}],"version-history":[{"count":0,"href":"https:\/\/elinformante.mx\/index.php?rest_route=\/wp\/v2\/posts\/23536\/revisions"}],"wp:featuredmedia":[{"embeddable":true,"href":"https:\/\/elinformante.mx\/index.php?rest_route=\/wp\/v2\/media\/23537"}],"wp:attachment":[{"href":"https:\/\/elinformante.mx\/index.php?rest_route=%2Fwp%2Fv2%2Fmedia&parent=23536"}],"wp:term":[{"taxonomy":"category","embeddable":true,"href":"https:\/\/elinformante.mx\/index.php?rest_route=%2Fwp%2Fv2%2Fcategories&post=23536"},{"taxonomy":"post_tag","embeddable":true,"href":"https:\/\/elinformante.mx\/index.php?rest_route=%2Fwp%2Fv2%2Ftags&post=23536"}],"curies":[{"name":"wp","href":"https:\/\/api.w.org\/{rel}","templated":true}]}}